{"id":10001,"date":"2018-03-23T20:27:35","date_gmt":"2018-03-23T23:27:35","guid":{"rendered":"https:\/\/www.masrojo.com.ar\/home\/?p=10001"},"modified":"2018-03-23T20:27:56","modified_gmt":"2018-03-23T23:27:56","slug":"elogios-de-sampaoli-a-bustos-y-tagliafico","status":"publish","type":"post","link":"https:\/\/www.masrojo.com.ar\/home\/2018\/03\/23\/elogios-de-sampaoli-a-bustos-y-tagliafico\/","title":{"rendered":"Elogios de Sampaoli a Bustos y Tagliafico"},"content":{"rendered":"<p style=\"text-align: justify;\">El DT de la Seleecci\u00f3n valor\u00f3 el debut de <strong>Bustos<\/strong> y la actuaci\u00f3n del ex Capit\u00e1n del Rojo,<strong> Tagliafico<\/strong>, en el amistoso ante la<em> Azzurra.<\/em><\/p>\n<p style=\"text-align: justify;\"><em>\u00abEra una prueba contra Italia para ver si pod\u00edan pelear un lugar en la lista. Ambos lo hicieron con <strong>mucha serenidad y jerarqu\u00eda<\/strong>\u00ab<\/em>, sostuvo Sampaoli en rueda de prensa.<\/p>\n<p style=\"text-align: justify;\">El 4 de Independiente <strong>tuvo su debut en la Selecci\u00f3n Mayor,<\/strong> mientras que Tagliafico <strong>ya hab\u00eda jugado sus primeros minutos<\/strong> en el amistoso del a\u00f1o pasado ante Brasil en Australia.<\/p>\n<p><a href=\"https:\/\/i0.wp.com\/www.masrojo.com.ar\/home\/wp-content\/uploads\/5ab56da9ca673.jpeg?ssl=1\"><img data-recalc-dims=\"1\" loading=\"lazy\" decoding=\"async\" class=\"wp-image-9991 aligncenter\" src=\"https:\/\/i0.wp.com\/www.masrojo.com.ar\/home\/wp-content\/uploads\/5ab56da9ca673-1024x588.jpeg?resize=799%2C459&#038;ssl=1\" alt=\"\" width=\"799\" height=\"459\" \/><\/a><a href=\"https:\/\/i0.wp.com\/www.masrojo.com.ar\/home\/wp-content\/uploads\/96475b1eee15d4ce2fb2a36db0dd4be0.jpg?ssl=1\"><img data-recalc-dims=\"1\" loading=\"lazy\" decoding=\"async\" class=\"aligncenter size-full wp-image-10002\" src=\"https:\/\/i0.wp.com\/www.masrojo.com.ar\/home\/wp-content\/uploads\/96475b1eee15d4ce2fb2a36db0dd4be0.jpg?resize=800%2C450&#038;ssl=1\" alt=\"\" width=\"800\" height=\"450\" \/><\/a><\/p>\n","protected":false},"excerpt":{"rendered":"<div class=\"mh-excerpt\"><p>El DT de la Seleecci\u00f3n valor\u00f3 el debut de Bustos y la actuaci\u00f3n del ex Capit\u00e1n del Rojo, Tagliafico, en el amistoso ante la Azzurra. \u00abEra una prueba contra Italia para ver si pod\u00edan pelear <a class=\"mh-excerpt-more\" href=\"https:\/\/www.masrojo.com.ar\/home\/2018\/03\/23\/elogios-de-sampaoli-a-bustos-y-tagliafico\/\" title=\"Elogios de Sampaoli a Bustos y Tagliafico\">[&#8230;]<\/a><\/p>\n<\/div>","protected":false},"author":4,"featured_media":0,"comment_status":"closed","ping_status":"closed","sticky":false,"template":"","format":"standard","meta":{"_jetpack_memberships_contains_paid_content":false,"footnotes":"","jetpack_publicize_message":"#Independiente | Elogios de Sampaoli a Bustos y Tagliafico","jetpack_publicize_feature_enabled":true,"jetpack_social_post_already_shared":true,"jetpack_social_options":{"image_generator_settings":{"template":"highway","enabled":false},"version":2}},"categories":[4],"tags":[40,141,42,41,34],"class_list":{"0":"post-10001","1":"post","2":"type-post","3":"status-publish","4":"format-standard","6":"category-actualidad","7":"tag-bustos","8":"tag-declaraciones","9":"tag-sampaoli","10":"tag-seleccion-argentina","11":"tag-tagliafico"},"jetpack_publicize_connections":[],"jetpack_sharing_enabled":true,"jetpack_featured_media_url":"","jetpack_shortlink":"https:\/\/wp.me\/p90W9F-2Bj","_links":{"self":[{"href":"https:\/\/www.masrojo.com.ar\/home\/wp-json\/wp\/v2\/posts\/10001"}],"collection":[{"href":"https:\/\/www.masrojo.com.ar\/home\/wp-json\/wp\/v2\/posts"}],"about":[{"href":"https:\/\/www.masrojo.com.ar\/home\/wp-json\/wp\/v2\/types\/post"}],"author":[{"embeddable":true,"href":"https:\/\/www.masrojo.com.ar\/home\/wp-json\/wp\/v2\/users\/4"}],"replies":[{"embeddable":true,"href":"https:\/\/www.masrojo.com.ar\/home\/wp-json\/wp\/v2\/comments?post=10001"}],"version-history":[{"count":0,"href":"https:\/\/www.masrojo.com.ar\/home\/wp-json\/wp\/v2\/posts\/10001\/revisions"}],"wp:attachment":[{"href":"https:\/\/www.masrojo.com.ar\/home\/wp-json\/wp\/v2\/media?parent=10001"}],"wp:term":[{"taxonomy":"category","embeddable":true,"href":"https:\/\/www.masrojo.com.ar\/home\/wp-json\/wp\/v2\/categories?post=10001"},{"taxonomy":"post_tag","embeddable":true,"href":"https:\/\/www.masrojo.com.ar\/home\/wp-json\/wp\/v2\/tags?post=10001"}],"curies":[{"name":"wp","href":"https:\/\/api.w.org\/{rel}","templated":true}]}}