{"id":10211,"date":"2018-03-28T06:47:03","date_gmt":"2018-03-28T09:47:03","guid":{"rendered":"https:\/\/www.masrojo.com.ar\/home\/?p=10211"},"modified":"2018-03-28T08:59:10","modified_gmt":"2018-03-28T11:59:10","slug":"pese-al-papelon-meza-fue-el-mejor","status":"publish","type":"post","link":"https:\/\/www.masrojo.com.ar\/home\/2018\/03\/28\/pese-al-papelon-meza-fue-el-mejor\/","title":{"rendered":"Pese al papel\u00f3n Meza fue el mejor"},"content":{"rendered":"<p class=\"copete\" style=\"text-align: justify;\">El correntino, jugador de Independiente, tuvo su estreno absoluto con la Selecci\u00f3n argentina y a pesar de la dura derrota, fue uno de los destacados del partido. El futbolista no ocult\u00f3 el enojo por el resultado tan abultado<\/p>\n<div class=\"slider\" style=\"text-align: justify;\">\n<p>\u201cNo puedo hacer an\u00e1lisis con el 6 a 1, pero tengo que seguir entrenando. Dejo de lado el debut, lo quise disfrutar y me voy con bronca\u201d, indic\u00f3 el correntino Meza a la se\u00f1al de televisi\u00f3n TyC Sports.<\/p>\n<div class=\"teads-inread\">\n<div style=\"text-align: justify;\"><\/div>\n<div style=\"text-align: justify;\">\u201cEn el vestuario se ver\u00e1n los errores, hay que mentalizarnos y trabajar, se sale con trabajo\u201d, agreg\u00f3 el volante de Independiente.<\/div>\n<div style=\"text-align: justify;\"><\/div>\n<div style=\"text-align: justify;\">Meza record\u00f3 las palabras del entrenador Jorge Sampaoli, quien advirti\u00f3 el poder\u00edo de Espa\u00f1a y se\u00f1al\u00f3 a la ausencia del astro Lionel Messi como otro factor que complic\u00f3 el funcionamiento del seleccionado.<\/div>\n<div style=\"text-align: justify;\"><\/div>\n<div style=\"text-align: justify;\">\u201cMessi es muy importante, lo saben todos, como tambi\u00e9n (Sergio) Ag\u00fcero y (Angel) Di Mar\u00eda\u201d, resalt\u00f3 el mediocampista\u201d.<\/div>\n<div style=\"text-align: justify;\"><\/div>\n<div style=\"text-align: justify;\">\u201cEn el primer tiempo jugamos bien, pero no se pudo en el segundo\u201d, concluy\u00f3 Meza.<\/div>\n<div style=\"text-align: justify;\"><\/div>\n<div style=\"text-align: justify;\">El futbolista de 25 a\u00f1os, nacido en Ca\u00e1 Cat\u00ed, complet\u00f3 los 90 minutos del juego disputado en el estadio Wanda Metropolitano de Madrid.<\/div>\n<div style=\"text-align: justify;\"><\/div>\n<div style=\"text-align: justify;\">La dura derrota 6 a 1 frente al seleccionado espa\u00f1ol marc\u00f3 el cierre de la gira amistosa del combinado dirigido por Jorge Sampaoli.<\/div>\n<div style=\"text-align: justify;\"><\/div>\n<div style=\"text-align: justify;\">El viernes pasado, en la ciudad inglesa de Manchester, el combinado argentino se impuso a la selecci\u00f3n de Italia por 2 a 0. De ese juego no fue parte el volante correntino que en el f\u00fatbol argentino defiende los colores de Independiente.<\/div>\n<\/div>\n<\/div>\n<div><\/div>\n<div><strong>EL DIARIO AS ELOGI\u00d3 A MEZA<\/strong><\/div>\n<div>\n<p style=\"text-align: justify;\">Maxi Meza, una de las novedades en la lista de Sampaoli para los amistosos frente a Espa\u00f1a e Italia, brill\u00f3 en su debut en el Wanda Metropolitano frente al equipo que dirige Julen Lopetegui. Fue el mejor de los argentinos en una noche gris en Madrid para un equipo que pretend\u00eda asentar su idea.\u00a0Meza, con gran presente en el \u2018Rojo\u2019, estuvo muy participativo durante todo el encuentro y supo interpretar perfectamente lo que le pidi\u00f3 Jorge Sampaoli.\u00a0Atrevido, con descaro, aplic\u00f3 su dribling para ser un dolor de cabeza constante para los espa\u00f1oles.<\/p>\n<div id=\"gtp_diarioas_19753-INTEXT\" style=\"text-align: justify;\" data-google-query-id=\"CJ7d8dvdjtoCFSrh4Qod1aIC4Q\">\n<div id=\"google_ads_iframe_\/7811748\/as_web\/argentina\/futbol\/intext_0__container__\"><iframe id=\"google_ads_iframe_\/7811748\/as_web\/argentina\/futbol\/intext_0\" title=\"3rd party ad content\" name=\"google_ads_iframe_\/7811748\/as_web\/argentina\/futbol\/intext_0\" width=\"1\" height=\"1\" frameborder=\"0\" marginwidth=\"0\" marginheight=\"0\" scrolling=\"no\"><\/iframe><\/div>\n<\/div>\n<p style=\"text-align: justify;\">Arranc\u00f3 en la izquierda, pero mediado el primer tiempo cambi\u00f3 de posici\u00f3n para desbordar por la derecha.\u00a0Tambi\u00e9n cay\u00f3 mucho por dentro e intent\u00f3 combinar con un Gonzalo Higua\u00edn desaparecido.\u00a0Le puso dos balones muy buenos para hacer gol, pero el delantero de la Juventus se mostr\u00f3 sin acierto ante la porter\u00eda.<\/p>\n<p style=\"text-align: justify;\">El argentino ha sido clave en el gran presente que vive Independiente.\u00a0Ariel Holan le considera una de las piezas fijas en su once y eso es lo que le ha llevado a entrar en la convocatoria de la Albiceleste.\u00a0Con algunas plazas todav\u00eda por designar, el extremo de Independiente tiene muchos n\u00fameros para ser uno de los jugadores que tenga en cuenta el seleccionador para completar la lista de 23 futbolistas que disputen el Mundial de Rusia 2018.<\/p>\n<\/div>\n","protected":false},"excerpt":{"rendered":"<div class=\"mh-excerpt\"><p>El correntino, jugador de Independiente, tuvo su estreno absoluto con la Selecci\u00f3n argentina y a pesar de la dura derrota, fue uno de los destacados del partido. El futbolista no ocult\u00f3 el enojo por el <a class=\"mh-excerpt-more\" href=\"https:\/\/www.masrojo.com.ar\/home\/2018\/03\/28\/pese-al-papelon-meza-fue-el-mejor\/\" title=\"Pese al papel\u00f3n Meza fue el mejor\">[&#8230;]<\/a><\/p>\n<\/div>","protected":false},"author":6,"featured_media":0,"comment_status":"closed","ping_status":"closed","sticky":false,"template":"","format":"image","meta":{"_jetpack_memberships_contains_paid_content":false,"footnotes":"","jetpack_publicize_message":"","jetpack_publicize_feature_enabled":true,"jetpack_social_post_already_shared":true,"jetpack_social_options":{"image_generator_settings":{"template":"highway","enabled":false},"version":2}},"categories":[4],"tags":[35,41],"class_list":{"0":"post-10211","1":"post","2":"type-post","3":"status-publish","4":"format-image","6":"category-actualidad","7":"tag-meza","8":"tag-seleccion-argentina","9":"post_format-post-format-image"},"jetpack_publicize_connections":[],"jetpack_sharing_enabled":true,"jetpack_featured_media_url":"","jetpack_shortlink":"https:\/\/wp.me\/p90W9F-2EH","_links":{"self":[{"href":"https:\/\/www.masrojo.com.ar\/home\/wp-json\/wp\/v2\/posts\/10211"}],"collection":[{"href":"https:\/\/www.masrojo.com.ar\/home\/wp-json\/wp\/v2\/posts"}],"about":[{"href":"https:\/\/www.masrojo.com.ar\/home\/wp-json\/wp\/v2\/types\/post"}],"author":[{"embeddable":true,"href":"https:\/\/www.masrojo.com.ar\/home\/wp-json\/wp\/v2\/users\/6"}],"replies":[{"embeddable":true,"href":"https:\/\/www.masrojo.com.ar\/home\/wp-json\/wp\/v2\/comments?post=10211"}],"version-history":[{"count":0,"href":"https:\/\/www.masrojo.com.ar\/home\/wp-json\/wp\/v2\/posts\/10211\/revisions"}],"wp:attachment":[{"href":"https:\/\/www.masrojo.com.ar\/home\/wp-json\/wp\/v2\/media?parent=10211"}],"wp:term":[{"taxonomy":"category","embeddable":true,"href":"https:\/\/www.masrojo.com.ar\/home\/wp-json\/wp\/v2\/categories?post=10211"},{"taxonomy":"post_tag","embeddable":true,"href":"https:\/\/www.masrojo.com.ar\/home\/wp-json\/wp\/v2\/tags?post=10211"}],"curies":[{"name":"wp","href":"https:\/\/api.w.org\/{rel}","templated":true}]}}