{"id":10221,"date":"2018-03-28T08:55:16","date_gmt":"2018-03-28T11:55:16","guid":{"rendered":"https:\/\/www.masrojo.com.ar\/home\/?p=10221"},"modified":"2018-03-28T08:55:16","modified_gmt":"2018-03-28T11:55:16","slug":"valdano-elogio-a-meza","status":"publish","type":"post","link":"https:\/\/www.masrojo.com.ar\/home\/2018\/03\/28\/valdano-elogio-a-meza\/","title":{"rendered":"Valdano elogi\u00f3 a Meza"},"content":{"rendered":"<div class=\"ni-text\">\n<p class=\"teaser\" style=\"text-align: justify;\">Jorge Valdano fue claro y directo tras la abultada derrota de Argentina (6-1) ante Espa\u00f1a en Madrid y advirti\u00f3 de que a Argentina se la har\u00e1 larga la espera hasta el Mundial de Rusia. Y destac\u00f3 la actuaci\u00f3n de Maximiliano Meza<\/p>\n<p><iframe loading=\"lazy\" src=\"http:\/\/www.ondacero.es\/embed\/jorge-valdano-con-esta-derrota-argentina-va-a-vivir-un-autentico-calvario-hasta-el-mundial\/audio\/2\/2018\/03\/27\/5ababc6f7ed1a8e4c4d4489f\" width=\"560\" height=\"315\" frameborder=\"0\" allowfullscreen=\"allowfullscreen\"><\/iframe><\/p>\n<\/div>\n<aside>\n<div class=\"ad-bs mbottom10\">\n<div id=\"dfp-bs-content-1\"><em><strong>\u00a0<\/strong><\/em><\/div>\n<\/div>\n<\/aside>\n<p style=\"text-align: justify;\"><em><strong>\u00abSi el nivel\u00a0 de Meza es el de hoy, Argentina ha encontrado en \u00e9l un futbolista;\u00a0le he visto preparado para\u00a0dar el salto a Europa\u00bb, <\/strong><\/em>afirm\u00f3 el campe\u00f3n del mundo con la selecci\u00f3n en 1986<\/p>\n<p style=\"text-align: justify;\">En declaraciones recogidas por &#8216;El Transistor&#8217;, Valdano cree que se avecinan semanas duras para la &#8216;Albiceleste&#8217; y fue categ\u00f3rico:\u00a0<strong>\u00abLo de hoy es una cat\u00e1strofe. El resultado es terrible para Argentina. La selecci\u00f3n va a vivir un calvario de aqu\u00ed hasta que empiece el Mundial\u00bb.<\/strong><\/p>\n<p>&nbsp;<\/p>\n<p>&nbsp;<\/p>\n","protected":false},"excerpt":{"rendered":"<div class=\"mh-excerpt\"><p>Jorge Valdano fue claro y directo tras la abultada derrota de Argentina (6-1) ante Espa\u00f1a en Madrid y advirti\u00f3 de que a Argentina se la har\u00e1 larga la espera hasta el Mundial de Rusia. Y <a class=\"mh-excerpt-more\" href=\"https:\/\/www.masrojo.com.ar\/home\/2018\/03\/28\/valdano-elogio-a-meza\/\" title=\"Valdano elogi\u00f3 a Meza\">[&#8230;]<\/a><\/p>\n<\/div>","protected":false},"author":6,"featured_media":0,"comment_status":"closed","ping_status":"closed","sticky":false,"template":"","format":"audio","meta":{"_jetpack_memberships_contains_paid_content":false,"footnotes":"","jetpack_publicize_message":"","jetpack_publicize_feature_enabled":true,"jetpack_social_post_already_shared":true,"jetpack_social_options":{"image_generator_settings":{"template":"highway","enabled":false},"version":2}},"categories":[4],"tags":[252,41],"class_list":{"0":"post-10221","1":"post","2":"type-post","3":"status-publish","4":"format-audio","6":"category-actualidad","7":"tag-maximiliano-meza","8":"tag-seleccion-argentina","9":"post_format-post-format-audio"},"jetpack_publicize_connections":[],"jetpack_sharing_enabled":true,"jetpack_featured_media_url":"","jetpack_shortlink":"https:\/\/wp.me\/p90W9F-2ER","_links":{"self":[{"href":"https:\/\/www.masrojo.com.ar\/home\/wp-json\/wp\/v2\/posts\/10221"}],"collection":[{"href":"https:\/\/www.masrojo.com.ar\/home\/wp-json\/wp\/v2\/posts"}],"about":[{"href":"https:\/\/www.masrojo.com.ar\/home\/wp-json\/wp\/v2\/types\/post"}],"author":[{"embeddable":true,"href":"https:\/\/www.masrojo.com.ar\/home\/wp-json\/wp\/v2\/users\/6"}],"replies":[{"embeddable":true,"href":"https:\/\/www.masrojo.com.ar\/home\/wp-json\/wp\/v2\/comments?post=10221"}],"version-history":[{"count":0,"href":"https:\/\/www.masrojo.com.ar\/home\/wp-json\/wp\/v2\/posts\/10221\/revisions"}],"wp:attachment":[{"href":"https:\/\/www.masrojo.com.ar\/home\/wp-json\/wp\/v2\/media?parent=10221"}],"wp:term":[{"taxonomy":"category","embeddable":true,"href":"https:\/\/www.masrojo.com.ar\/home\/wp-json\/wp\/v2\/categories?post=10221"},{"taxonomy":"post_tag","embeddable":true,"href":"https:\/\/www.masrojo.com.ar\/home\/wp-json\/wp\/v2\/tags?post=10221"}],"curies":[{"name":"wp","href":"https:\/\/api.w.org\/{rel}","templated":true}]}}