{"id":1042,"date":"2017-08-16T17:39:28","date_gmt":"2017-08-16T20:39:28","guid":{"rendered":"https:\/\/www.masrojo.com.ar\/home\/?p=1042"},"modified":"2017-08-16T17:39:28","modified_gmt":"2017-08-16T20:39:28","slug":"con-la-cabeza-en-el-martes","status":"publish","type":"post","link":"https:\/\/www.masrojo.com.ar\/home\/2017\/08\/16\/con-la-cabeza-en-el-martes\/","title":{"rendered":"Con la cabeza en el martes"},"content":{"rendered":"<p style=\"text-align: justify;\"><strong>Independiente se entren\u00f3 sin muchas exigencias esta ma\u00f1ana con la noticia de la suspensi\u00f3n del partido por Copa Argentina y por el intenso doble turno de ayer. Ma\u00f1ana seguir\u00e1 la puesta a punto de cara a la ida de los octavos de Copa Sudamericana.<\/strong><\/p>\n<p style=\"text-align: justify;\">El entrenamiento de hoy en Villa Dominico fue bastante tranquilo, realizando trabajos con pelota y sin hacer hincapi\u00e9 en el aspecto f\u00edsico. La buena noticia es que Juan S\u00e1nchez Mi\u00f1o y Emmanuel Gigliotti se entrenaron a la par del grupo y ya est\u00e1n en la recta final en la recuperaci\u00f3n de sus lesiones.<\/p>\n<p style=\"text-align: justify;\">Por otro lado, Mart\u00edn Ben\u00edtez sigue trabajando diferenciado porque se recupera del esguince medial en una de sus rodillas. El plantel seguir\u00e1 con la puesta a punto ma\u00f1ana y sin atenci\u00f3n a la prensa.<\/p>\n","protected":false},"excerpt":{"rendered":"<div class=\"mh-excerpt\"><p>Independiente se entren\u00f3 sin muchas exigencias esta ma\u00f1ana con la noticia de la suspensi\u00f3n del partido por Copa Argentina y por el intenso doble turno de ayer. Ma\u00f1ana seguir\u00e1 la puesta a punto de cara <a class=\"mh-excerpt-more\" href=\"https:\/\/www.masrojo.com.ar\/home\/2017\/08\/16\/con-la-cabeza-en-el-martes\/\" title=\"Con la cabeza en el martes\">[&#8230;]<\/a><\/p>\n<\/div>","protected":false},"author":2,"featured_media":0,"comment_status":"open","ping_status":"open","sticky":false,"template":"","format":"image","meta":{"_jetpack_memberships_contains_paid_content":false,"footnotes":"","jetpack_publicize_message":"","jetpack_publicize_feature_enabled":true,"jetpack_social_post_already_shared":false,"jetpack_social_options":{"image_generator_settings":{"template":"highway","enabled":false},"version":2}},"categories":[4],"tags":[],"class_list":{"0":"post-1042","1":"post","2":"type-post","3":"status-publish","4":"format-image","6":"category-actualidad","7":"post_format-post-format-image"},"jetpack_publicize_connections":[],"jetpack_sharing_enabled":true,"jetpack_featured_media_url":"","jetpack_shortlink":"https:\/\/wp.me\/p90W9F-gO","_links":{"self":[{"href":"https:\/\/www.masrojo.com.ar\/home\/wp-json\/wp\/v2\/posts\/1042"}],"collection":[{"href":"https:\/\/www.masrojo.com.ar\/home\/wp-json\/wp\/v2\/posts"}],"about":[{"href":"https:\/\/www.masrojo.com.ar\/home\/wp-json\/wp\/v2\/types\/post"}],"author":[{"embeddable":true,"href":"https:\/\/www.masrojo.com.ar\/home\/wp-json\/wp\/v2\/users\/2"}],"replies":[{"embeddable":true,"href":"https:\/\/www.masrojo.com.ar\/home\/wp-json\/wp\/v2\/comments?post=1042"}],"version-history":[{"count":0,"href":"https:\/\/www.masrojo.com.ar\/home\/wp-json\/wp\/v2\/posts\/1042\/revisions"}],"wp:attachment":[{"href":"https:\/\/www.masrojo.com.ar\/home\/wp-json\/wp\/v2\/media?parent=1042"}],"wp:term":[{"taxonomy":"category","embeddable":true,"href":"https:\/\/www.masrojo.com.ar\/home\/wp-json\/wp\/v2\/categories?post=1042"},{"taxonomy":"post_tag","embeddable":true,"href":"https:\/\/www.masrojo.com.ar\/home\/wp-json\/wp\/v2\/tags?post=1042"}],"curies":[{"name":"wp","href":"https:\/\/api.w.org\/{rel}","templated":true}]}}