{"id":1073,"date":"2017-08-17T21:52:25","date_gmt":"2017-08-18T00:52:25","guid":{"rendered":"https:\/\/www.masrojo.com.ar\/home\/?p=1073"},"modified":"2017-08-17T21:52:56","modified_gmt":"2017-08-18T00:52:56","slug":"averiado","status":"publish","type":"post","link":"https:\/\/www.masrojo.com.ar\/home\/2017\/08\/17\/averiado\/","title":{"rendered":"Averiado"},"content":{"rendered":"<p style=\"text-align: justify;\">Entrando en la recta final de la semana, con el objetivo del martes en Tucum\u00e1n, el plantel de Independiente se entren\u00f3 nuevamente en Villa Dom\u00ednico.<\/p>\n<p style=\"text-align: justify;\">Los futbolistas llevaron a cabo trabajos t\u00e1cticos y movimientos en espacios reducidos. La novedad de la ma\u00f1ana fue que\u00a0Fabricio Bustos sufri\u00f3 un leve esguince lateral de la rodilla derecha, aunque no tendr\u00eda problemas en poder estar el martes desde el inicio.<\/p>\n<p style=\"text-align: justify;\">El plantel vuelve a entrenarse ma\u00f1ana por la ma\u00f1ana en Villa Dominico, a puertas cerradas. Posteriormente, hablar\u00e1 en conferencia de prensa Diego Rodr\u00edguez Berrini.<\/p>\n","protected":false},"excerpt":{"rendered":"<div class=\"mh-excerpt\"><p>Entrando en la recta final de la semana, con el objetivo del martes en Tucum\u00e1n, el plantel de Independiente se entren\u00f3 nuevamente en Villa Dom\u00ednico. Los futbolistas llevaron a cabo trabajos t\u00e1cticos y movimientos en <a class=\"mh-excerpt-more\" href=\"https:\/\/www.masrojo.com.ar\/home\/2017\/08\/17\/averiado\/\" title=\"Averiado\">[&#8230;]<\/a><\/p>\n<\/div>","protected":false},"author":2,"featured_media":0,"comment_status":"open","ping_status":"open","sticky":false,"template":"","format":"image","meta":{"_jetpack_memberships_contains_paid_content":false,"footnotes":"","jetpack_publicize_message":"","jetpack_publicize_feature_enabled":true,"jetpack_social_post_already_shared":false,"jetpack_social_options":{"image_generator_settings":{"template":"highway","enabled":false},"version":2}},"categories":[4],"tags":[],"class_list":{"0":"post-1073","1":"post","2":"type-post","3":"status-publish","4":"format-image","6":"category-actualidad","7":"post_format-post-format-image"},"jetpack_publicize_connections":[],"jetpack_sharing_enabled":true,"jetpack_featured_media_url":"","jetpack_shortlink":"https:\/\/wp.me\/s90W9F-averiado","_links":{"self":[{"href":"https:\/\/www.masrojo.com.ar\/home\/wp-json\/wp\/v2\/posts\/1073"}],"collection":[{"href":"https:\/\/www.masrojo.com.ar\/home\/wp-json\/wp\/v2\/posts"}],"about":[{"href":"https:\/\/www.masrojo.com.ar\/home\/wp-json\/wp\/v2\/types\/post"}],"author":[{"embeddable":true,"href":"https:\/\/www.masrojo.com.ar\/home\/wp-json\/wp\/v2\/users\/2"}],"replies":[{"embeddable":true,"href":"https:\/\/www.masrojo.com.ar\/home\/wp-json\/wp\/v2\/comments?post=1073"}],"version-history":[{"count":0,"href":"https:\/\/www.masrojo.com.ar\/home\/wp-json\/wp\/v2\/posts\/1073\/revisions"}],"wp:attachment":[{"href":"https:\/\/www.masrojo.com.ar\/home\/wp-json\/wp\/v2\/media?parent=1073"}],"wp:term":[{"taxonomy":"category","embeddable":true,"href":"https:\/\/www.masrojo.com.ar\/home\/wp-json\/wp\/v2\/categories?post=1073"},{"taxonomy":"post_tag","embeddable":true,"href":"https:\/\/www.masrojo.com.ar\/home\/wp-json\/wp\/v2\/tags?post=1073"}],"curies":[{"name":"wp","href":"https:\/\/api.w.org\/{rel}","templated":true}]}}