{"id":1078,"date":"2017-08-17T19:13:20","date_gmt":"2017-08-17T22:13:20","guid":{"rendered":"https:\/\/www.masrojo.com.ar\/home\/?p=1078"},"modified":"2017-08-17T22:13:52","modified_gmt":"2017-08-18T01:13:52","slug":"dos-al-sub-20","status":"publish","type":"post","link":"https:\/\/www.masrojo.com.ar\/home\/2017\/08\/17\/dos-al-sub-20\/","title":{"rendered":"Dos al Sub 20"},"content":{"rendered":"<p style=\"text-align: justify;\">Los jugadores preseleccionados para integrar el seleccionado argentino Sub 20 regresar\u00e1n a los entrenamientos el pr\u00f3ximo lunes 21 de agosto, por la tarde, en el Predio Julio Humberto Grondona. Luego de la primera pr\u00e1ctica, trabajar\u00e1n en horario matutino durante el resto de la semana y, adem\u00e1s, martes y jueves lo har\u00e1n en\u00a0doble turno. Por Independiente fueron convocados Ezequiel Barco y Brian Martinez<\/p>\n<p><img data-recalc-dims=\"1\" loading=\"lazy\" decoding=\"async\" class=\" wp-image-1079 aligncenter\" src=\"https:\/\/i0.wp.com\/www.masrojo.com.ar\/home\/wp-content\/uploads\/2017\/08\/lista_sub_201-300x169.jpg?resize=580%2C327&#038;ssl=1\" alt=\"\" width=\"580\" height=\"327\" \/><\/p>\n<p>&nbsp;<\/p>\n<p>Por otra parte, los jugadores que se detallan a continuaci\u00f3n, se sumar\u00e1n al plantel el 28\/08:<\/p>\n<p>-Gonzalo Maroni (Boca Juniors )<br \/>\n-Tom\u00e1s Attis (Belgrano de C\u00f3rdoba)<br \/>\n-Tom\u00e1s Chancalay (Col\u00f3n de Santa Fe)<br \/>\n-Ezequiel Barco (Independiente)<br \/>\n-Benjam\u00edn Garr\u00e9 (Manchester City F.C.)<br \/>\n-Leonel Rivas (Rosario Central)<br \/>\n-Tom\u00e1s Cuello (Atl\u00e9tico Tucum\u00e1n)<br \/>\n-Maximiliano Romero (V\u00e9lez)<\/p>\n","protected":false},"excerpt":{"rendered":"<div class=\"mh-excerpt\"><p>Los jugadores preseleccionados para integrar el seleccionado argentino Sub 20 regresar\u00e1n a los entrenamientos el pr\u00f3ximo lunes 21 de agosto, por la tarde, en el Predio Julio Humberto Grondona. Luego de la primera pr\u00e1ctica, trabajar\u00e1n <a class=\"mh-excerpt-more\" href=\"https:\/\/www.masrojo.com.ar\/home\/2017\/08\/17\/dos-al-sub-20\/\" title=\"Dos al Sub 20\">[&#8230;]<\/a><\/p>\n<\/div>","protected":false},"author":2,"featured_media":0,"comment_status":"open","ping_status":"open","sticky":false,"template":"","format":"image","meta":{"_jetpack_memberships_contains_paid_content":false,"footnotes":"","jetpack_publicize_message":"","jetpack_publicize_feature_enabled":true,"jetpack_social_post_already_shared":false,"jetpack_social_options":{"image_generator_settings":{"template":"highway","enabled":false},"version":2}},"categories":[4],"tags":[],"class_list":{"0":"post-1078","1":"post","2":"type-post","3":"status-publish","4":"format-image","6":"category-actualidad","7":"post_format-post-format-image"},"jetpack_publicize_connections":[],"jetpack_sharing_enabled":true,"jetpack_featured_media_url":"","jetpack_shortlink":"https:\/\/wp.me\/p90W9F-ho","_links":{"self":[{"href":"https:\/\/www.masrojo.com.ar\/home\/wp-json\/wp\/v2\/posts\/1078"}],"collection":[{"href":"https:\/\/www.masrojo.com.ar\/home\/wp-json\/wp\/v2\/posts"}],"about":[{"href":"https:\/\/www.masrojo.com.ar\/home\/wp-json\/wp\/v2\/types\/post"}],"author":[{"embeddable":true,"href":"https:\/\/www.masrojo.com.ar\/home\/wp-json\/wp\/v2\/users\/2"}],"replies":[{"embeddable":true,"href":"https:\/\/www.masrojo.com.ar\/home\/wp-json\/wp\/v2\/comments?post=1078"}],"version-history":[{"count":0,"href":"https:\/\/www.masrojo.com.ar\/home\/wp-json\/wp\/v2\/posts\/1078\/revisions"}],"wp:attachment":[{"href":"https:\/\/www.masrojo.com.ar\/home\/wp-json\/wp\/v2\/media?parent=1078"}],"wp:term":[{"taxonomy":"category","embeddable":true,"href":"https:\/\/www.masrojo.com.ar\/home\/wp-json\/wp\/v2\/categories?post=1078"},{"taxonomy":"post_tag","embeddable":true,"href":"https:\/\/www.masrojo.com.ar\/home\/wp-json\/wp\/v2\/tags?post=1078"}],"curies":[{"name":"wp","href":"https:\/\/api.w.org\/{rel}","templated":true}]}}