{"id":1097,"date":"2017-08-19T08:01:47","date_gmt":"2017-08-19T11:01:47","guid":{"rendered":"https:\/\/www.masrojo.com.ar\/home\/?p=1097"},"modified":"2017-08-19T08:01:47","modified_gmt":"2017-08-19T11:01:47","slug":"te-lo-agradezco-pero-no","status":"publish","type":"post","link":"https:\/\/www.masrojo.com.ar\/home\/2017\/08\/19\/te-lo-agradezco-pero-no\/","title":{"rendered":"TE LO AGRADEZCO, PERO NO"},"content":{"rendered":"<div class=\"preview\">\n<p style=\"text-align: justify;\"><strong>El Rolfi Montenegro est\u00e1 libre en Hurac\u00e1n y entrena con el preparador f\u00edsico del Rojo, a trav\u00e9s del cual le ofreci\u00f3 sus servicios al DT.<\/strong><\/p>\n<\/div>\n<article id=\"note-body\" class=\"note-body\" data-twitter-link=\"https:\/\/twitter.com\/intent\/tweet?url=https:\/\/www.minutouno.com\/c3038459&amp;v\u00eda=minutounocom&amp;related=MinutoUno&amp;text=\">\n<div class=\"row\">\n<div class=\"inside-note col-xs-12\">\n<p style=\"text-align: justify;\"><strong>Con 38 a\u00f1os, el Rolfi\u00a0Montenegro\u00a0no quiere dejar el f\u00fatbol. Por eso, libre en Hurac\u00e1n, entrena en un gimnasio con\u00a0Alejandro Kohan, preparador f\u00edsico de\u00a0Ariel Holan\u00a0en\u00a0Independiente. Y parece ser que el jugador llam\u00f3 al DT para ofrecerse para\u00a0Independiente.<\/strong><\/p>\n<p style=\"text-align: justify;\">Montenegro no se fue bien de Independiente con la dirigencia, sin embargo desde el lado dirigencial le daban la derecha al entrenador si es que quer\u00eda contar con el ex capit\u00e1n del Rojo y le explic\u00f3 que<strong>\u00a0no necesitaba a un jugador con sus caracter\u00edsticas<\/strong>.<\/p>\n<p style=\"text-align: justify;\">Holan le explic\u00f3 a Montenegro que no iba a poder dejarlo afuera de los concentrados cuando tuviera que elegir los futbolistas; que respetaba mucho su trayectoria pero que no encajaba en su esquema de juego. El DT le habr\u00eda ofrecido interceder con la dirigencia para poder hacer un partido de despedida.<\/p>\n<\/div>\n<\/div>\n<\/article>\n","protected":false},"excerpt":{"rendered":"<div class=\"mh-excerpt\"><p>El Rolfi Montenegro est\u00e1 libre en Hurac\u00e1n y entrena con el preparador f\u00edsico del Rojo, a trav\u00e9s del cual le ofreci\u00f3 sus servicios al DT. Con 38 a\u00f1os, el Rolfi\u00a0Montenegro\u00a0no quiere dejar el f\u00fatbol. Por <a class=\"mh-excerpt-more\" href=\"https:\/\/www.masrojo.com.ar\/home\/2017\/08\/19\/te-lo-agradezco-pero-no\/\" title=\"TE LO AGRADEZCO, PERO NO\">[&#8230;]<\/a><\/p>\n<\/div>","protected":false},"author":2,"featured_media":0,"comment_status":"open","ping_status":"open","sticky":false,"template":"","format":"image","meta":{"_jetpack_memberships_contains_paid_content":false,"footnotes":"","jetpack_publicize_message":"","jetpack_publicize_feature_enabled":true,"jetpack_social_post_already_shared":false,"jetpack_social_options":{"image_generator_settings":{"template":"highway","enabled":false},"version":2}},"categories":[4],"tags":[],"class_list":{"0":"post-1097","1":"post","2":"type-post","3":"status-publish","4":"format-image","6":"category-actualidad","7":"post_format-post-format-image"},"jetpack_publicize_connections":[],"jetpack_sharing_enabled":true,"jetpack_featured_media_url":"","jetpack_shortlink":"https:\/\/wp.me\/p90W9F-hH","_links":{"self":[{"href":"https:\/\/www.masrojo.com.ar\/home\/wp-json\/wp\/v2\/posts\/1097"}],"collection":[{"href":"https:\/\/www.masrojo.com.ar\/home\/wp-json\/wp\/v2\/posts"}],"about":[{"href":"https:\/\/www.masrojo.com.ar\/home\/wp-json\/wp\/v2\/types\/post"}],"author":[{"embeddable":true,"href":"https:\/\/www.masrojo.com.ar\/home\/wp-json\/wp\/v2\/users\/2"}],"replies":[{"embeddable":true,"href":"https:\/\/www.masrojo.com.ar\/home\/wp-json\/wp\/v2\/comments?post=1097"}],"version-history":[{"count":0,"href":"https:\/\/www.masrojo.com.ar\/home\/wp-json\/wp\/v2\/posts\/1097\/revisions"}],"wp:attachment":[{"href":"https:\/\/www.masrojo.com.ar\/home\/wp-json\/wp\/v2\/media?parent=1097"}],"wp:term":[{"taxonomy":"category","embeddable":true,"href":"https:\/\/www.masrojo.com.ar\/home\/wp-json\/wp\/v2\/categories?post=1097"},{"taxonomy":"post_tag","embeddable":true,"href":"https:\/\/www.masrojo.com.ar\/home\/wp-json\/wp\/v2\/tags?post=1097"}],"curies":[{"name":"wp","href":"https:\/\/api.w.org\/{rel}","templated":true}]}}