{"id":1111,"date":"2017-08-20T20:33:27","date_gmt":"2017-08-20T23:33:27","guid":{"rendered":"https:\/\/www.masrojo.com.ar\/home\/?p=1111"},"modified":"2017-08-20T22:38:00","modified_gmt":"2017-08-21T01:38:00","slug":"domingo-tactico-en-dominico","status":"publish","type":"post","link":"https:\/\/www.masrojo.com.ar\/home\/2017\/08\/20\/domingo-tactico-en-dominico\/","title":{"rendered":"Domingo t\u00e1ctico en Dom\u00ednico"},"content":{"rendered":"<p style=\"text-align: justify;\"><img data-recalc-dims=\"1\" loading=\"lazy\" decoding=\"async\" class=\"alignnone size-medium wp-image-1112\" src=\"https:\/\/i0.wp.com\/www.masrojo.com.ar\/home\/wp-content\/uploads\/2017\/08\/IMG_3435-300x202.jpg?resize=300%2C202&#038;ssl=1\" alt=\"\" width=\"300\" height=\"202\" \/>Ariel Holan pudo aprovechar hasta el \u00faltimo momento de la semana completa de trabajo que consigui\u00f3 luego de haberse suspendido el partido por Copa Argentina, tambi\u00e9n frente a Atl\u00e9tico Tucum\u00e1n.<\/p>\n<p style=\"text-align: justify;\">En este domingo de D\u00eda del Ni\u00f1o, el plantel prepar\u00f3 los detalles finales para viajar a Tucum\u00e1n donde el martes disputar\u00e1 el partido de ida por los octavos de final de Copa Sudamericana.<\/p>\n<p style=\"text-align: justify;\">En el predio de Villa Dom\u00ednico, Independiente realiz\u00f3 movimientos t\u00e1cticos junto con trabajos de pelota parada, arma que el equipo viene ejecutando cada vez mejor.<\/p>\n<p style=\"text-align: justify;\">Al final el turno de la ma\u00f1ana el plantel se retir\u00f3 para volver ma\u00f1ana cuando a las 9.45 vuele a Termas de R\u00edo Hondo y de all\u00ed en micro a Tucum\u00e1n.<\/p>\n<p>&nbsp;<\/p>\n<p style=\"text-align: justify;\">Foto: Prensa CAI Oficial<\/p>\n","protected":false},"excerpt":{"rendered":"<div class=\"mh-excerpt\"><p>Ariel Holan pudo aprovechar hasta el \u00faltimo momento de la semana completa de trabajo que consigui\u00f3 luego de haberse suspendido el partido por Copa Argentina, tambi\u00e9n frente a Atl\u00e9tico Tucum\u00e1n. En este domingo de D\u00eda <a class=\"mh-excerpt-more\" href=\"https:\/\/www.masrojo.com.ar\/home\/2017\/08\/20\/domingo-tactico-en-dominico\/\" title=\"Domingo t\u00e1ctico en Dom\u00ednico\">[&#8230;]<\/a><\/p>\n<\/div>","protected":false},"author":2,"featured_media":0,"comment_status":"open","ping_status":"open","sticky":false,"template":"","format":"image","meta":{"_jetpack_memberships_contains_paid_content":false,"footnotes":"","jetpack_publicize_message":"","jetpack_publicize_feature_enabled":true,"jetpack_social_post_already_shared":false,"jetpack_social_options":{"image_generator_settings":{"template":"highway","enabled":false},"version":2}},"categories":[4],"tags":[],"class_list":{"0":"post-1111","1":"post","2":"type-post","3":"status-publish","4":"format-image","6":"category-actualidad","7":"post_format-post-format-image"},"jetpack_publicize_connections":[],"jetpack_sharing_enabled":true,"jetpack_featured_media_url":"","jetpack_shortlink":"https:\/\/wp.me\/p90W9F-hV","_links":{"self":[{"href":"https:\/\/www.masrojo.com.ar\/home\/wp-json\/wp\/v2\/posts\/1111"}],"collection":[{"href":"https:\/\/www.masrojo.com.ar\/home\/wp-json\/wp\/v2\/posts"}],"about":[{"href":"https:\/\/www.masrojo.com.ar\/home\/wp-json\/wp\/v2\/types\/post"}],"author":[{"embeddable":true,"href":"https:\/\/www.masrojo.com.ar\/home\/wp-json\/wp\/v2\/users\/2"}],"replies":[{"embeddable":true,"href":"https:\/\/www.masrojo.com.ar\/home\/wp-json\/wp\/v2\/comments?post=1111"}],"version-history":[{"count":0,"href":"https:\/\/www.masrojo.com.ar\/home\/wp-json\/wp\/v2\/posts\/1111\/revisions"}],"wp:attachment":[{"href":"https:\/\/www.masrojo.com.ar\/home\/wp-json\/wp\/v2\/media?parent=1111"}],"wp:term":[{"taxonomy":"category","embeddable":true,"href":"https:\/\/www.masrojo.com.ar\/home\/wp-json\/wp\/v2\/categories?post=1111"},{"taxonomy":"post_tag","embeddable":true,"href":"https:\/\/www.masrojo.com.ar\/home\/wp-json\/wp\/v2\/tags?post=1111"}],"curies":[{"name":"wp","href":"https:\/\/api.w.org\/{rel}","templated":true}]}}