{"id":11526,"date":"2018-04-22T20:43:36","date_gmt":"2018-04-22T23:43:36","guid":{"rendered":"https:\/\/www.masrojo.com.ar\/home\/?p=11526"},"modified":"2018-04-22T20:43:36","modified_gmt":"2018-04-22T23:43:36","slug":"revivi-elgolmasrojo-ante-el-halcon","status":"publish","type":"post","link":"https:\/\/www.masrojo.com.ar\/home\/2018\/04\/22\/revivi-elgolmasrojo-ante-el-halcon\/","title":{"rendered":"Reviv\u00ed #ElGolMasRojo ante el Halc\u00f3n!"},"content":{"rendered":"<p style=\"text-align: justify;\">En la previa del partido del lunes entre <strong>Independiente y Defensa y Justicia<\/strong>, repasamos un gol del Rojo ante el conjunto de Varela.<\/p>\n<p style=\"text-align: justify;\">En esta ocasi\u00f3n, <strong>ElGolMasRojo<\/strong>\u00a0fue convertido la \u00faltima vez que Independiente recibi\u00f3 al conjunto hoy dirigido por <strong>Juan Pablo Vojvoda.<\/strong><\/p>\n<p>El gol lo convirti\u00f3 <strong>Mart\u00edn Ben\u00edtez<\/strong> en el primer tiempo, aprovechando una mala salida del fondo rival.<\/p>\n<p><iframe loading=\"lazy\" src=\"https:\/\/www.youtube.com\/embed\/HI5Q37tqPyU\" width=\"560\" height=\"315\" frameborder=\"0\" allowfullscreen=\"allowfullscreen\"><\/iframe><br \/>\n<strong>MIR\u00c1 M\u00c1S AC\u00c1<\/strong><br \/>\n<a href=\"https:\/\/bit.ly\/2mmDGBO\">https:\/\/bit.ly\/2mmDGBO<\/a><\/p>\n","protected":false},"excerpt":{"rendered":"<div class=\"mh-excerpt\"><p>En la previa del partido del lunes entre Independiente y Defensa y Justicia, repasamos un gol del Rojo ante el conjunto de Varela. En esta ocasi\u00f3n, ElGolMasRojo\u00a0fue convertido la \u00faltima vez que Independiente recibi\u00f3 al <a class=\"mh-excerpt-more\" href=\"https:\/\/www.masrojo.com.ar\/home\/2018\/04\/22\/revivi-elgolmasrojo-ante-el-halcon\/\" title=\"Reviv\u00ed #ElGolMasRojo ante el Halc\u00f3n!\">[&#8230;]<\/a><\/p>\n<\/div>","protected":false},"author":4,"featured_media":0,"comment_status":"closed","ping_status":"closed","sticky":false,"template":"","format":"video","meta":{"_jetpack_memberships_contains_paid_content":false,"footnotes":"","jetpack_publicize_message":"#Independiente | Reviv\u00ed #ElGolMasRojo ante el Halc\u00f3n!","jetpack_publicize_feature_enabled":true,"jetpack_social_post_already_shared":true,"jetpack_social_options":{"image_generator_settings":{"template":"highway","enabled":false},"version":2}},"categories":[4],"tags":[230,33,17,32],"class_list":{"0":"post-11526","1":"post","2":"type-post","3":"status-publish","4":"format-video","6":"category-actualidad","7":"tag-elgolmasrojo","8":"tag-benitez","9":"tag-independiente","10":"tag-superliga","11":"post_format-post-format-video"},"jetpack_publicize_connections":[],"jetpack_sharing_enabled":true,"jetpack_featured_media_url":"","jetpack_shortlink":"https:\/\/wp.me\/p90W9F-2ZU","_links":{"self":[{"href":"https:\/\/www.masrojo.com.ar\/home\/wp-json\/wp\/v2\/posts\/11526"}],"collection":[{"href":"https:\/\/www.masrojo.com.ar\/home\/wp-json\/wp\/v2\/posts"}],"about":[{"href":"https:\/\/www.masrojo.com.ar\/home\/wp-json\/wp\/v2\/types\/post"}],"author":[{"embeddable":true,"href":"https:\/\/www.masrojo.com.ar\/home\/wp-json\/wp\/v2\/users\/4"}],"replies":[{"embeddable":true,"href":"https:\/\/www.masrojo.com.ar\/home\/wp-json\/wp\/v2\/comments?post=11526"}],"version-history":[{"count":0,"href":"https:\/\/www.masrojo.com.ar\/home\/wp-json\/wp\/v2\/posts\/11526\/revisions"}],"wp:attachment":[{"href":"https:\/\/www.masrojo.com.ar\/home\/wp-json\/wp\/v2\/media?parent=11526"}],"wp:term":[{"taxonomy":"category","embeddable":true,"href":"https:\/\/www.masrojo.com.ar\/home\/wp-json\/wp\/v2\/categories?post=11526"},{"taxonomy":"post_tag","embeddable":true,"href":"https:\/\/www.masrojo.com.ar\/home\/wp-json\/wp\/v2\/tags?post=11526"}],"curies":[{"name":"wp","href":"https:\/\/api.w.org\/{rel}","templated":true}]}}