{"id":11587,"date":"2018-04-22T13:05:05","date_gmt":"2018-04-22T16:05:05","guid":{"rendered":"https:\/\/www.masrojo.com.ar\/home\/?p=11587"},"modified":"2018-04-23T09:25:53","modified_gmt":"2018-04-23T12:25:53","slug":"derrota-de-la-reserva","status":"publish","type":"post","link":"https:\/\/www.masrojo.com.ar\/home\/2018\/04\/22\/derrota-de-la-reserva\/","title":{"rendered":"Derrota de la reserva"},"content":{"rendered":"<p style=\"text-align: justify;\"><strong>El equipo de Fernando Ber\u00f3n se midi\u00f3 ante su par del \u00abhalcon\u00bb y cay\u00f3 por la m\u00ednima ante con gol de Alisenda. Es la segunda derrota consecutiva de la \u00abpiponeta\u00bb.<\/strong><\/p>\n<p style=\"text-align: justify;\">Independiente ven\u00eda de una derrota ante Boca por la fecha pasada y quer\u00eda enderezar su presente ante Defensa y Justicia, esta ma\u00f1ana en Villa Dom\u00ednico. En un encuentro d\u00f3nde no hubo muchas situaciones significativas, Aliseda eludi\u00f3 muy bien a Gonzalo Rehak y abri\u00f3 el marcador para el cuadro de Varela.<\/p>\n<p style=\"text-align: justify;\">El \u00abrojo\u00bb form\u00f3 con <strong>Rehak; As\u00eds, Barreto, Moreira, Mart\u00ednez; Del Priore, Mercado, D. Blanco; E. Denis, Molina y Contreras.\u00a0<\/strong>De esta manera, la tercera divisi\u00f3n lleg\u00f3 a la segunda derrota consecutiva y la misma cantidad de partidos sin hacer goles. Sigue con 40 unidades en el Torneo de Reserva.<\/p>\n","protected":false},"excerpt":{"rendered":"<div class=\"mh-excerpt\"><p>El equipo de Fernando Ber\u00f3n se midi\u00f3 ante su par del \u00abhalcon\u00bb y cay\u00f3 por la m\u00ednima ante con gol de Alisenda. Es la segunda derrota consecutiva de la \u00abpiponeta\u00bb. Independiente ven\u00eda de una derrota <a class=\"mh-excerpt-more\" href=\"https:\/\/www.masrojo.com.ar\/home\/2018\/04\/22\/derrota-de-la-reserva\/\" title=\"Derrota de la reserva\">[&#8230;]<\/a><\/p>\n<\/div>","protected":false},"author":2,"featured_media":0,"comment_status":"closed","ping_status":"closed","sticky":false,"template":"","format":"image","meta":{"_jetpack_memberships_contains_paid_content":false,"footnotes":"","jetpack_publicize_message":"","jetpack_publicize_feature_enabled":true,"jetpack_social_post_already_shared":true,"jetpack_social_options":{"image_generator_settings":{"template":"highway","enabled":false},"version":2}},"categories":[4,6],"tags":[62,396,17,79],"class_list":{"0":"post-11587","1":"post","2":"type-post","3":"status-publish","4":"format-image","6":"category-actualidad","7":"category-reserva","8":"tag-beron","9":"tag-defensa-y-justicia","10":"tag-independiente","11":"tag-rehak","12":"post_format-post-format-image"},"jetpack_publicize_connections":[],"jetpack_sharing_enabled":true,"jetpack_featured_media_url":"","jetpack_shortlink":"https:\/\/wp.me\/p90W9F-30T","_links":{"self":[{"href":"https:\/\/www.masrojo.com.ar\/home\/wp-json\/wp\/v2\/posts\/11587"}],"collection":[{"href":"https:\/\/www.masrojo.com.ar\/home\/wp-json\/wp\/v2\/posts"}],"about":[{"href":"https:\/\/www.masrojo.com.ar\/home\/wp-json\/wp\/v2\/types\/post"}],"author":[{"embeddable":true,"href":"https:\/\/www.masrojo.com.ar\/home\/wp-json\/wp\/v2\/users\/2"}],"replies":[{"embeddable":true,"href":"https:\/\/www.masrojo.com.ar\/home\/wp-json\/wp\/v2\/comments?post=11587"}],"version-history":[{"count":0,"href":"https:\/\/www.masrojo.com.ar\/home\/wp-json\/wp\/v2\/posts\/11587\/revisions"}],"wp:attachment":[{"href":"https:\/\/www.masrojo.com.ar\/home\/wp-json\/wp\/v2\/media?parent=11587"}],"wp:term":[{"taxonomy":"category","embeddable":true,"href":"https:\/\/www.masrojo.com.ar\/home\/wp-json\/wp\/v2\/categories?post=11587"},{"taxonomy":"post_tag","embeddable":true,"href":"https:\/\/www.masrojo.com.ar\/home\/wp-json\/wp\/v2\/tags?post=11587"}],"curies":[{"name":"wp","href":"https:\/\/api.w.org\/{rel}","templated":true}]}}