{"id":11983,"date":"2018-04-30T20:19:18","date_gmt":"2018-04-30T23:19:18","guid":{"rendered":"https:\/\/www.masrojo.com.ar\/home\/?p=11983"},"modified":"2018-04-30T20:19:18","modified_gmt":"2018-04-30T23:19:18","slug":"venta-de-entradas-en-brasil","status":"publish","type":"post","link":"https:\/\/www.masrojo.com.ar\/home\/2018\/04\/30\/venta-de-entradas-en-brasil\/","title":{"rendered":"Venta de entradas en Brasil"},"content":{"rendered":"<p style=\"text-align: justify;\">Los hibchas de Independiente que vayan a Brasil o est\u00e9n en zonas cercanas de San Pablo podr\u00e1n comprar las entradas en el estadio .<\/p>\n<p style=\"text-align: justify;\">Las entradas para el duelo ante Corinthians se vender\u00e1n el mismo mi\u00e9rcoles 2\/5 en el Arena Corinthians.<\/p>\n<p style=\"text-align: justify;\">Ser\u00e1 en la puerta G, las localidades tendr\u00e1n un precio de 170 reales y el Rey de Copas ocup\u00e1r\u00e1 el Sector Sur del Arena<\/p>\n<p style=\"text-align: justify;\">\n","protected":false},"excerpt":{"rendered":"<div class=\"mh-excerpt\"><p>Los hibchas de Independiente que vayan a Brasil o est\u00e9n en zonas cercanas de San Pablo podr\u00e1n comprar las entradas en el estadio . Las entradas para el duelo ante Corinthians se vender\u00e1n el mismo <a class=\"mh-excerpt-more\" href=\"https:\/\/www.masrojo.com.ar\/home\/2018\/04\/30\/venta-de-entradas-en-brasil\/\" title=\"Venta de entradas en Brasil\">[&#8230;]<\/a><\/p>\n<\/div>","protected":false},"author":2,"featured_media":0,"comment_status":"closed","ping_status":"closed","sticky":false,"template":"","format":"image","meta":{"_jetpack_memberships_contains_paid_content":false,"footnotes":"","jetpack_publicize_message":"","jetpack_publicize_feature_enabled":true,"jetpack_social_post_already_shared":true,"jetpack_social_options":{"image_generator_settings":{"template":"highway","enabled":false},"version":2}},"categories":[8],"tags":[88],"class_list":{"0":"post-11983","1":"post","2":"type-post","3":"status-publish","4":"format-image","6":"category-institucionales","7":"tag-venta-de-entradas","8":"post_format-post-format-image"},"jetpack_publicize_connections":[],"jetpack_sharing_enabled":true,"jetpack_featured_media_url":"","jetpack_shortlink":"https:\/\/wp.me\/p90W9F-37h","_links":{"self":[{"href":"https:\/\/www.masrojo.com.ar\/home\/wp-json\/wp\/v2\/posts\/11983"}],"collection":[{"href":"https:\/\/www.masrojo.com.ar\/home\/wp-json\/wp\/v2\/posts"}],"about":[{"href":"https:\/\/www.masrojo.com.ar\/home\/wp-json\/wp\/v2\/types\/post"}],"author":[{"embeddable":true,"href":"https:\/\/www.masrojo.com.ar\/home\/wp-json\/wp\/v2\/users\/2"}],"replies":[{"embeddable":true,"href":"https:\/\/www.masrojo.com.ar\/home\/wp-json\/wp\/v2\/comments?post=11983"}],"version-history":[{"count":0,"href":"https:\/\/www.masrojo.com.ar\/home\/wp-json\/wp\/v2\/posts\/11983\/revisions"}],"wp:attachment":[{"href":"https:\/\/www.masrojo.com.ar\/home\/wp-json\/wp\/v2\/media?parent=11983"}],"wp:term":[{"taxonomy":"category","embeddable":true,"href":"https:\/\/www.masrojo.com.ar\/home\/wp-json\/wp\/v2\/categories?post=11983"},{"taxonomy":"post_tag","embeddable":true,"href":"https:\/\/www.masrojo.com.ar\/home\/wp-json\/wp\/v2\/tags?post=11983"}],"curies":[{"name":"wp","href":"https:\/\/api.w.org\/{rel}","templated":true}]}}