{"id":12002,"date":"2018-04-30T23:10:00","date_gmt":"2018-05-01T02:10:00","guid":{"rendered":"https:\/\/www.masrojo.com.ar\/home\/?p=12002"},"modified":"2018-04-30T23:00:15","modified_gmt":"2018-05-01T02:00:15","slug":"cinco-al-fondo","status":"publish","type":"post","link":"https:\/\/www.masrojo.com.ar\/home\/2018\/04\/30\/cinco-al-fondo\/","title":{"rendered":"CINCO AL FONDO"},"content":{"rendered":"<p style=\"text-align: justify;\">El Rojo se prepara para el importante encuentro del mi\u00e9rcoles que viene frente a Corinthians, por la cuarta fecha de la Copa Libertadores de Am\u00e9rica.El Rojo necesita sumar en Brasil para mantener la chance de\u00a0clasificar a octavos.<\/p>\n<p style=\"text-align: justify;\">El Rojo est\u00e1 \u00faltimo en el grupo con tres puntos y necesita sumar para no terminar de complicar su clasificaci\u00f3n a los octavos de final. Su rival es l\u00edder con siete, mientras que entre ellos est\u00e1n Deportivo Lara (6) y Millonarios (4).<\/p>\n<p style=\"text-align: justify;\">Ariel Holan todav\u00eda no confirmo el equipo y es posible que cambie el sistema para defender con l\u00ednea de tres que puede convertirse en cinco, con la inclusi\u00f3n por las bandas de Fabricio Bustos y Juan S\u00e1nchez Mi\u00f1o.<\/p>\n<p style=\"text-align: justify;\">Una de las opciones que baraja es\u00a0utilizar un 5-2-3 flexible, en el que los laterales\u00a0se incorporen al mediocampo para colaborar con Nicol\u00e1s Domingo y Diego Rodr\u00edguez.<\/p>\n<p style=\"text-align: justify;\">Adem\u00e1s, el entrenador del Rojo debe definir qui\u00e9n ser\u00e1 el referente de \u00e1rea en Brasil: Silvio Romero o Emmanuel Gigliotti. El primero parece tener ventaja.<\/p>\n<p style=\"text-align: justify;\">Equipo posible en Brasil, con l\u00ednea de 5: Campa\u00f1a; Bustos, Franco, Amorebieta, Figal y S\u00e1nchez Mi\u00f1o o Silva; Domingo y Rodr\u00edguez; Meza, Ben\u00edtez y S. Romero.<\/p>\n<p style=\"text-align: justify;\">El plantel se entrenar\u00e1 este martes por la ma\u00f1ana en el predio de Villa Dom\u00ednico, a puertas cerradas, y a las 18 partir\u00e1 en vuelo charter rumbo a San Pablo.<\/p>\n","protected":false},"excerpt":{"rendered":"<div class=\"mh-excerpt\"><p>El Rojo se prepara para el importante encuentro del mi\u00e9rcoles que viene frente a Corinthians, por la cuarta fecha de la Copa Libertadores de Am\u00e9rica.El Rojo necesita sumar en Brasil para mantener la chance de\u00a0clasificar <a class=\"mh-excerpt-more\" href=\"https:\/\/www.masrojo.com.ar\/home\/2018\/04\/30\/cinco-al-fondo\/\" title=\"CINCO AL FONDO\">[&#8230;]<\/a><\/p>\n<\/div>","protected":false},"author":2,"featured_media":0,"comment_status":"closed","ping_status":"closed","sticky":false,"template":"","format":"image","meta":{"_jetpack_memberships_contains_paid_content":false,"footnotes":"","jetpack_publicize_message":"","jetpack_publicize_feature_enabled":true,"jetpack_social_post_already_shared":true,"jetpack_social_options":{"image_generator_settings":{"template":"highway","enabled":false},"version":2}},"categories":[4],"tags":[23],"class_list":{"0":"post-12002","1":"post","2":"type-post","3":"status-publish","4":"format-image","6":"category-actualidad","7":"tag-holan","8":"post_format-post-format-image"},"jetpack_publicize_connections":[],"jetpack_sharing_enabled":true,"jetpack_featured_media_url":"","jetpack_shortlink":"https:\/\/wp.me\/p90W9F-37A","_links":{"self":[{"href":"https:\/\/www.masrojo.com.ar\/home\/wp-json\/wp\/v2\/posts\/12002"}],"collection":[{"href":"https:\/\/www.masrojo.com.ar\/home\/wp-json\/wp\/v2\/posts"}],"about":[{"href":"https:\/\/www.masrojo.com.ar\/home\/wp-json\/wp\/v2\/types\/post"}],"author":[{"embeddable":true,"href":"https:\/\/www.masrojo.com.ar\/home\/wp-json\/wp\/v2\/users\/2"}],"replies":[{"embeddable":true,"href":"https:\/\/www.masrojo.com.ar\/home\/wp-json\/wp\/v2\/comments?post=12002"}],"version-history":[{"count":0,"href":"https:\/\/www.masrojo.com.ar\/home\/wp-json\/wp\/v2\/posts\/12002\/revisions"}],"wp:attachment":[{"href":"https:\/\/www.masrojo.com.ar\/home\/wp-json\/wp\/v2\/media?parent=12002"}],"wp:term":[{"taxonomy":"category","embeddable":true,"href":"https:\/\/www.masrojo.com.ar\/home\/wp-json\/wp\/v2\/categories?post=12002"},{"taxonomy":"post_tag","embeddable":true,"href":"https:\/\/www.masrojo.com.ar\/home\/wp-json\/wp\/v2\/tags?post=12002"}],"curies":[{"name":"wp","href":"https:\/\/api.w.org\/{rel}","templated":true}]}}