{"id":1242,"date":"2017-08-28T12:33:40","date_gmt":"2017-08-28T15:33:40","guid":{"rendered":"https:\/\/www.masrojo.com.ar\/home\/?p=1242"},"modified":"2017-08-28T12:33:40","modified_gmt":"2017-08-28T15:33:40","slug":"fabricio-bustos-el-nuevo-convocado-por-sampaoli","status":"publish","type":"post","link":"https:\/\/www.masrojo.com.ar\/home\/2017\/08\/28\/fabricio-bustos-el-nuevo-convocado-por-sampaoli\/","title":{"rendered":"Fabricio Bustos, el nuevo convocado por Sampaoli"},"content":{"rendered":"<p class=\"capital\" style=\"text-align: justify;\">El joven lateral derecho de Independiente, fue citado por Jorge Sampaoli, DT de la Selecci\u00f3n Argentina, para los duelos ante Uruguay (31\/8) y Venezuela (5\/9) por las Eliminatorias Sudamericanas rumbo al Mundial de Rusia 2018.<\/p>\n<div id=\"eplAdDivInline_Video\" style=\"text-align: justify;\"><\/div>\n<p style=\"text-align: justify;\">El jueves pasado, el defensor de 21 a\u00f1os se hab\u00eda reunido con el entrenador de la Selecci\u00f3n y este domingo, antes del cierre de la primera fecha de la Superliga, se dio a conocer la noticia de su convocatoria.<\/p>\n<p style=\"text-align: justify;\">El cordob\u00e9s, quien ayer fue titular en\u00a0la victoria del Rojo ante Hurac\u00e1n, es una de las grandes apariciones que entreg\u00f3 el f\u00fatbol argentino en 2017. Ariel Holan le dio su confianza en el torneo pasado y, gracias a su buen nivel, se gan\u00f3 un lugar en el primer equipo de Independiente disputando 19 encuentros, en donde convirti\u00f3 un gol ante Newell\u00b4s por la fecha 23.<\/p>\n","protected":false},"excerpt":{"rendered":"<div class=\"mh-excerpt\"><p>El joven lateral derecho de Independiente, fue citado por Jorge Sampaoli, DT de la Selecci\u00f3n Argentina, para los duelos ante Uruguay (31\/8) y Venezuela (5\/9) por las Eliminatorias Sudamericanas rumbo al Mundial de Rusia 2018. <a class=\"mh-excerpt-more\" href=\"https:\/\/www.masrojo.com.ar\/home\/2017\/08\/28\/fabricio-bustos-el-nuevo-convocado-por-sampaoli\/\" title=\"Fabricio Bustos, el nuevo convocado por Sampaoli\">[&#8230;]<\/a><\/p>\n<\/div>","protected":false},"author":6,"featured_media":0,"comment_status":"open","ping_status":"open","sticky":false,"template":"","format":"image","meta":{"_jetpack_memberships_contains_paid_content":false,"footnotes":"","jetpack_publicize_message":"","jetpack_publicize_feature_enabled":true,"jetpack_social_post_already_shared":false,"jetpack_social_options":{"image_generator_settings":{"template":"highway","enabled":false},"version":2}},"categories":[4],"tags":[40,17,42,41],"class_list":{"0":"post-1242","1":"post","2":"type-post","3":"status-publish","4":"format-image","6":"category-actualidad","7":"tag-bustos","8":"tag-independiente","9":"tag-sampaoli","10":"tag-seleccion-argentina","11":"post_format-post-format-image"},"jetpack_publicize_connections":[],"jetpack_sharing_enabled":true,"jetpack_featured_media_url":"","jetpack_shortlink":"https:\/\/wp.me\/p90W9F-k2","_links":{"self":[{"href":"https:\/\/www.masrojo.com.ar\/home\/wp-json\/wp\/v2\/posts\/1242"}],"collection":[{"href":"https:\/\/www.masrojo.com.ar\/home\/wp-json\/wp\/v2\/posts"}],"about":[{"href":"https:\/\/www.masrojo.com.ar\/home\/wp-json\/wp\/v2\/types\/post"}],"author":[{"embeddable":true,"href":"https:\/\/www.masrojo.com.ar\/home\/wp-json\/wp\/v2\/users\/6"}],"replies":[{"embeddable":true,"href":"https:\/\/www.masrojo.com.ar\/home\/wp-json\/wp\/v2\/comments?post=1242"}],"version-history":[{"count":0,"href":"https:\/\/www.masrojo.com.ar\/home\/wp-json\/wp\/v2\/posts\/1242\/revisions"}],"wp:attachment":[{"href":"https:\/\/www.masrojo.com.ar\/home\/wp-json\/wp\/v2\/media?parent=1242"}],"wp:term":[{"taxonomy":"category","embeddable":true,"href":"https:\/\/www.masrojo.com.ar\/home\/wp-json\/wp\/v2\/categories?post=1242"},{"taxonomy":"post_tag","embeddable":true,"href":"https:\/\/www.masrojo.com.ar\/home\/wp-json\/wp\/v2\/tags?post=1242"}],"curies":[{"name":"wp","href":"https:\/\/api.w.org\/{rel}","templated":true}]}}