{"id":1283,"date":"2017-08-29T22:25:41","date_gmt":"2017-08-30T01:25:41","guid":{"rendered":"https:\/\/www.masrojo.com.ar\/home\/?p=1283"},"modified":"2017-08-30T06:32:32","modified_gmt":"2017-08-30T09:32:32","slug":"figal-y-la-eterna-espera","status":"publish","type":"post","link":"https:\/\/www.masrojo.com.ar\/home\/2017\/08\/29\/figal-y-la-eterna-espera\/","title":{"rendered":"Figal y la eterna espera"},"content":{"rendered":"<div style=\"text-align: justify;\"><strong>Nicol\u00e1s Figal sigue a la espera de la sanci\u00f3n que dictar\u00e1 CONMEBOL por el doping que sali\u00f3 a fines de abril. Luego del descargo hecho por el jugador y la dirigencia en Paraguay, se estima que en los pr\u00f3ximos d\u00edas salga de forma definitiva. La sanci\u00f3n rondar\u00eda los 6 u 8 meses.<\/strong><\/div>\n<div style=\"text-align: justify;\"><\/div>\n<div style=\"text-align: justify;\">El caso Figal sigue dando que hablar en el mundo Independiente. Desde fines de abril que no disputa partidos en ninguna competici\u00f3n por el doping correspondiente a la Copa Sudamericana por el uso indebido de diur\u00e9ticos. Si bien se especul\u00f3 en su momento que la sanci\u00f3n iba a salir en junio, nunca se hizo oficial y el jugador sigue esperando.<\/div>\n<div style=\"text-align: justify;\"><\/div>\n<div style=\"text-align: justify;\">Ayer por la tarde, el defensor y dirigentes del \u00abrojo\u00bb hicieron el descargo final en la CONMEBOL y esperan que, en los pr\u00f3ximos d\u00edas, salga de forma definitiva el comunicado con la sanci\u00f3n. En el club conf\u00edan que la sanci\u00f3n oscilar\u00e1 entre los 6 y 8 meses de duraci\u00f3n. Cabe destacar que, a ese tiempo, se le resta los 4 meses que ya estuvo fuera de las canchas. Como plazo m\u00e1ximo, el futbolista estar\u00eda hasta fin de a\u00f1o inactivo.<\/div>\n","protected":false},"excerpt":{"rendered":"<div class=\"mh-excerpt\"><p>Nicol\u00e1s Figal sigue a la espera de la sanci\u00f3n que dictar\u00e1 CONMEBOL por el doping que sali\u00f3 a fines de abril. Luego del descargo hecho por el jugador y la dirigencia en Paraguay, se estima <a class=\"mh-excerpt-more\" href=\"https:\/\/www.masrojo.com.ar\/home\/2017\/08\/29\/figal-y-la-eterna-espera\/\" title=\"Figal y la eterna espera\">[&#8230;]<\/a><\/p>\n<\/div>","protected":false},"author":2,"featured_media":0,"comment_status":"open","ping_status":"open","sticky":false,"template":"","format":"standard","meta":{"_jetpack_memberships_contains_paid_content":false,"footnotes":"","jetpack_publicize_message":"","jetpack_publicize_feature_enabled":true,"jetpack_social_post_already_shared":false,"jetpack_social_options":{"image_generator_settings":{"template":"highway","enabled":false},"version":2}},"categories":[4],"tags":[48,18,17,49],"class_list":{"0":"post-1283","1":"post","2":"type-post","3":"status-publish","4":"format-standard","6":"category-actualidad","7":"tag-figal","8":"tag-importante","9":"tag-independiente","10":"tag-sancion"},"jetpack_publicize_connections":[],"jetpack_sharing_enabled":true,"jetpack_featured_media_url":"","jetpack_shortlink":"https:\/\/wp.me\/p90W9F-kH","_links":{"self":[{"href":"https:\/\/www.masrojo.com.ar\/home\/wp-json\/wp\/v2\/posts\/1283"}],"collection":[{"href":"https:\/\/www.masrojo.com.ar\/home\/wp-json\/wp\/v2\/posts"}],"about":[{"href":"https:\/\/www.masrojo.com.ar\/home\/wp-json\/wp\/v2\/types\/post"}],"author":[{"embeddable":true,"href":"https:\/\/www.masrojo.com.ar\/home\/wp-json\/wp\/v2\/users\/2"}],"replies":[{"embeddable":true,"href":"https:\/\/www.masrojo.com.ar\/home\/wp-json\/wp\/v2\/comments?post=1283"}],"version-history":[{"count":0,"href":"https:\/\/www.masrojo.com.ar\/home\/wp-json\/wp\/v2\/posts\/1283\/revisions"}],"wp:attachment":[{"href":"https:\/\/www.masrojo.com.ar\/home\/wp-json\/wp\/v2\/media?parent=1283"}],"wp:term":[{"taxonomy":"category","embeddable":true,"href":"https:\/\/www.masrojo.com.ar\/home\/wp-json\/wp\/v2\/categories?post=1283"},{"taxonomy":"post_tag","embeddable":true,"href":"https:\/\/www.masrojo.com.ar\/home\/wp-json\/wp\/v2\/tags?post=1283"}],"curies":[{"name":"wp","href":"https:\/\/api.w.org\/{rel}","templated":true}]}}