{"id":1288,"date":"2017-08-30T22:56:18","date_gmt":"2017-08-31T01:56:18","guid":{"rendered":"https:\/\/www.masrojo.com.ar\/home\/?p=1288"},"modified":"2017-08-30T22:56:18","modified_gmt":"2017-08-31T01:56:18","slug":"dos-pibes-menos","status":"publish","type":"post","link":"https:\/\/www.masrojo.com.ar\/home\/2017\/08\/30\/dos-pibes-menos\/","title":{"rendered":"Dos pibes menos"},"content":{"rendered":"<p style=\"text-align: justify;\"><strong>En el cierre del mercado de pases, se consumaron las salidas de dos juveniles de Independiente a dos equipos de la B metropolitana en busca de continuidad.<\/strong><\/p>\n<p style=\"text-align: justify;\">Leonel \u00c1lvarez, que fue una pieza fundamental en la reserva de Ber\u00f3n, se fue a pr\u00e9stamo sin cargo ni opci\u00f3n de compra a Atlanta. El juvenil tiene contrato con el \u00abrojo\u00bb hasta 2020.<\/p>\n<p style=\"text-align: justify;\">Por otro lado, Mat\u00edas La Mastra, tambi\u00e9n jugador surgido de las inferiores del club, se fue bajo las mismas condiciones a Defensores de Belgrano. De esta manera, contin\u00faa el \u00e9xodo de jugadores que son patrimonio del club pero, al no tener oportunidad en primera, buscan otros horizontes.<\/p>\n","protected":false},"excerpt":{"rendered":"<div class=\"mh-excerpt\"><p>En el cierre del mercado de pases, se consumaron las salidas de dos juveniles de Independiente a dos equipos de la B metropolitana en busca de continuidad. Leonel \u00c1lvarez, que fue una pieza fundamental en <a class=\"mh-excerpt-more\" href=\"https:\/\/www.masrojo.com.ar\/home\/2017\/08\/30\/dos-pibes-menos\/\" title=\"Dos pibes menos\">[&#8230;]<\/a><\/p>\n<\/div>","protected":false},"author":2,"featured_media":0,"comment_status":"open","ping_status":"open","sticky":false,"template":"","format":"standard","meta":{"_jetpack_memberships_contains_paid_content":false,"footnotes":"","jetpack_publicize_message":"","jetpack_publicize_feature_enabled":true,"jetpack_social_post_already_shared":false,"jetpack_social_options":{"image_generator_settings":{"template":"highway","enabled":false},"version":2}},"categories":[4],"tags":[50,18,17,51,19],"class_list":{"0":"post-1288","1":"post","2":"type-post","3":"status-publish","4":"format-standard","6":"category-actualidad","7":"tag-alvarez","8":"tag-importante","9":"tag-independiente","10":"tag-la-mastra","11":"tag-mercado-de-pases"},"jetpack_publicize_connections":[],"jetpack_sharing_enabled":true,"jetpack_featured_media_url":"","jetpack_shortlink":"https:\/\/wp.me\/p90W9F-kM","_links":{"self":[{"href":"https:\/\/www.masrojo.com.ar\/home\/wp-json\/wp\/v2\/posts\/1288"}],"collection":[{"href":"https:\/\/www.masrojo.com.ar\/home\/wp-json\/wp\/v2\/posts"}],"about":[{"href":"https:\/\/www.masrojo.com.ar\/home\/wp-json\/wp\/v2\/types\/post"}],"author":[{"embeddable":true,"href":"https:\/\/www.masrojo.com.ar\/home\/wp-json\/wp\/v2\/users\/2"}],"replies":[{"embeddable":true,"href":"https:\/\/www.masrojo.com.ar\/home\/wp-json\/wp\/v2\/comments?post=1288"}],"version-history":[{"count":0,"href":"https:\/\/www.masrojo.com.ar\/home\/wp-json\/wp\/v2\/posts\/1288\/revisions"}],"wp:attachment":[{"href":"https:\/\/www.masrojo.com.ar\/home\/wp-json\/wp\/v2\/media?parent=1288"}],"wp:term":[{"taxonomy":"category","embeddable":true,"href":"https:\/\/www.masrojo.com.ar\/home\/wp-json\/wp\/v2\/categories?post=1288"},{"taxonomy":"post_tag","embeddable":true,"href":"https:\/\/www.masrojo.com.ar\/home\/wp-json\/wp\/v2\/tags?post=1288"}],"curies":[{"name":"wp","href":"https:\/\/api.w.org\/{rel}","templated":true}]}}