{"id":1295,"date":"2017-08-31T00:09:11","date_gmt":"2017-08-31T03:09:11","guid":{"rendered":"https:\/\/www.masrojo.com.ar\/home\/?p=1295"},"modified":"2017-08-31T06:51:11","modified_gmt":"2017-08-31T09:51:11","slug":"sanchez-mino-nuestro-futbol-sigue-intacto","status":"publish","type":"post","link":"https:\/\/www.masrojo.com.ar\/home\/2017\/08\/31\/sanchez-mino-nuestro-futbol-sigue-intacto\/","title":{"rendered":"S\u00e1nchez Mi\u00f1o: \u00abNuestro f\u00fatbol sigue intacto\u00bb"},"content":{"rendered":"<p style=\"text-align: justify;\"><strong><em>\u00abEstamos contentos por el triunfo. Era importante para nosotros empezar bien el campeonato con una victoria\u00bb,<\/em><\/strong> comenz\u00f3 el lateral izquierdo del Rojo.<\/p>\n<p style=\"text-align: justify;\">Y continu\u00f3: <em>\u00abEstoy contento por haber dado vuelta un resultado en contra y empezar el campeonato ganando. Para nosotros es muy importante dejar la derrota en Tucum\u00e1n y demostrar que <strong>nuestro f\u00fatbol sigue intacto. Estamos intentando darle a Independiente ese protagonismo que merece\u00bb.<\/strong><\/em><\/p>\n<p style=\"text-align: justify;\">El ex Torino recalc\u00f3 que, tras el semestre anterior y la exigencia de la historia del Club, el plantel a\u00fan conserva y mantiene objetivos de gran talla:<em><strong> \u00abTodos en el club apuntamos a la Libertadores.<\/strong> Lamentablemente se nos escap\u00f3 por un punto y nos doli\u00f3 mucho, pero no vamos a dejar de trabajar para conseguir con ese objetivo. Hoy nuestro objetivo es el partido con Olimpo y los de Atl\u00e9tico Tucum\u00e1n que nos pueden llevar a estar cerca de la Copa Libertadores\u00bb.<\/em><\/p>\n<p style=\"text-align: justify;\">El ex pincharrata habl\u00f3 sobre el plantel: <em>\u00abCuando se empieza a jugar mejor se exige m\u00e1s, eso est\u00e1 bueno. Tenemos jugadores que se van a grandes equipos y otros que son citados a la Selecci\u00f3n y eso jerarquiza al equipo\u00bb.<\/em><\/p>\n<p style=\"text-align: justify;\">El ex Boca remarc\u00f3 que los partidos de Copa son diferentes a los de campeonato y que todos los equipos tienen partidos malos. <em>\u00abContra<\/em> <em>Atl\u00e9tico Tucum\u00e1n no se dio el partido como quer\u00edamos y nos fuimos con una derrota. No hay que quedarse con lo malo, hay que mejorarlo y quedarse con lo que se hizo bien\u00bb.<\/em><\/p>\n<p style=\"text-align: justify;\"><strong><em>\u00abAprovecharemos esta semana sin fecha para descansar y poner la cabeza en el pr\u00f3ximo rival\u00bb<\/em><\/strong>, finaliz\u00f3 Juan S\u00e1nchez Mi\u00f1o.<\/p>\n","protected":false},"excerpt":{"rendered":"<div class=\"mh-excerpt\"><p>\u00abEstamos contentos por el triunfo. Era importante para nosotros empezar bien el campeonato con una victoria\u00bb, comenz\u00f3 el lateral izquierdo del Rojo. Y continu\u00f3: \u00abEstoy contento por haber dado vuelta un resultado en contra y <a class=\"mh-excerpt-more\" href=\"https:\/\/www.masrojo.com.ar\/home\/2017\/08\/31\/sanchez-mino-nuestro-futbol-sigue-intacto\/\" title=\"S\u00e1nchez Mi\u00f1o: \u00abNuestro f\u00fatbol sigue intacto\u00bb\">[&#8230;]<\/a><\/p>\n<\/div>","protected":false},"author":4,"featured_media":0,"comment_status":"open","ping_status":"open","sticky":false,"template":"","format":"standard","meta":{"_jetpack_memberships_contains_paid_content":false,"footnotes":"","jetpack_publicize_message":"","jetpack_publicize_feature_enabled":true,"jetpack_social_post_already_shared":false,"jetpack_social_options":{"image_generator_settings":{"template":"highway","enabled":false},"version":2}},"categories":[4],"tags":[],"class_list":{"0":"post-1295","1":"post","2":"type-post","3":"status-publish","4":"format-standard","6":"category-actualidad"},"jetpack_publicize_connections":[],"jetpack_sharing_enabled":true,"jetpack_featured_media_url":"","jetpack_shortlink":"https:\/\/wp.me\/p90W9F-kT","_links":{"self":[{"href":"https:\/\/www.masrojo.com.ar\/home\/wp-json\/wp\/v2\/posts\/1295"}],"collection":[{"href":"https:\/\/www.masrojo.com.ar\/home\/wp-json\/wp\/v2\/posts"}],"about":[{"href":"https:\/\/www.masrojo.com.ar\/home\/wp-json\/wp\/v2\/types\/post"}],"author":[{"embeddable":true,"href":"https:\/\/www.masrojo.com.ar\/home\/wp-json\/wp\/v2\/users\/4"}],"replies":[{"embeddable":true,"href":"https:\/\/www.masrojo.com.ar\/home\/wp-json\/wp\/v2\/comments?post=1295"}],"version-history":[{"count":0,"href":"https:\/\/www.masrojo.com.ar\/home\/wp-json\/wp\/v2\/posts\/1295\/revisions"}],"wp:attachment":[{"href":"https:\/\/www.masrojo.com.ar\/home\/wp-json\/wp\/v2\/media?parent=1295"}],"wp:term":[{"taxonomy":"category","embeddable":true,"href":"https:\/\/www.masrojo.com.ar\/home\/wp-json\/wp\/v2\/categories?post=1295"},{"taxonomy":"post_tag","embeddable":true,"href":"https:\/\/www.masrojo.com.ar\/home\/wp-json\/wp\/v2\/tags?post=1295"}],"curies":[{"name":"wp","href":"https:\/\/api.w.org\/{rel}","templated":true}]}}