{"id":1299,"date":"2017-08-31T00:34:24","date_gmt":"2017-08-31T03:34:24","guid":{"rendered":"https:\/\/www.masrojo.com.ar\/home\/?p=1299"},"modified":"2017-08-31T00:35:16","modified_gmt":"2017-08-31T03:35:16","slug":"firmo-silva","status":"publish","type":"post","link":"https:\/\/www.masrojo.com.ar\/home\/2017\/08\/31\/firmo-silva\/","title":{"rendered":"Firm\u00f3 Silva"},"content":{"rendered":"<p>El uruguayo Gast\u00f3n Silva firm\u00f3 su nuevo contrato como profesional. El defensor jugar\u00e1 las pr\u00f3ximas<strong> 4 temporadas<\/strong> en Avellaneda.<\/p>\n<p>Silva, de 23 a\u00f1os, proviene del Torino de Italia, y tras un destrabar un largo conflicto con el Pumas mexicano, puso la firma y se convirti\u00f3 en el<strong> cuarto refuerzo<\/strong> del equipo de Holan,<\/p>\n","protected":false},"excerpt":{"rendered":"<div class=\"mh-excerpt\"><p>El uruguayo Gast\u00f3n Silva firm\u00f3 su nuevo contrato como profesional. El defensor jugar\u00e1 las pr\u00f3ximas 4 temporadas en Avellaneda. Silva, de 23 a\u00f1os, proviene del Torino de Italia, y tras un destrabar un largo conflicto <a class=\"mh-excerpt-more\" href=\"https:\/\/www.masrojo.com.ar\/home\/2017\/08\/31\/firmo-silva\/\" title=\"Firm\u00f3 Silva\">[&#8230;]<\/a><\/p>\n<\/div>","protected":false},"author":4,"featured_media":0,"comment_status":"open","ping_status":"open","sticky":false,"template":"","format":"standard","meta":{"_jetpack_memberships_contains_paid_content":false,"footnotes":"","jetpack_publicize_message":"","jetpack_publicize_feature_enabled":true,"jetpack_social_post_already_shared":false,"jetpack_social_options":{"image_generator_settings":{"template":"highway","enabled":false},"version":2}},"categories":[4],"tags":[],"class_list":{"0":"post-1299","1":"post","2":"type-post","3":"status-publish","4":"format-standard","6":"category-actualidad"},"jetpack_publicize_connections":[],"jetpack_sharing_enabled":true,"jetpack_featured_media_url":"","jetpack_shortlink":"https:\/\/wp.me\/p90W9F-kX","_links":{"self":[{"href":"https:\/\/www.masrojo.com.ar\/home\/wp-json\/wp\/v2\/posts\/1299"}],"collection":[{"href":"https:\/\/www.masrojo.com.ar\/home\/wp-json\/wp\/v2\/posts"}],"about":[{"href":"https:\/\/www.masrojo.com.ar\/home\/wp-json\/wp\/v2\/types\/post"}],"author":[{"embeddable":true,"href":"https:\/\/www.masrojo.com.ar\/home\/wp-json\/wp\/v2\/users\/4"}],"replies":[{"embeddable":true,"href":"https:\/\/www.masrojo.com.ar\/home\/wp-json\/wp\/v2\/comments?post=1299"}],"version-history":[{"count":0,"href":"https:\/\/www.masrojo.com.ar\/home\/wp-json\/wp\/v2\/posts\/1299\/revisions"}],"wp:attachment":[{"href":"https:\/\/www.masrojo.com.ar\/home\/wp-json\/wp\/v2\/media?parent=1299"}],"wp:term":[{"taxonomy":"category","embeddable":true,"href":"https:\/\/www.masrojo.com.ar\/home\/wp-json\/wp\/v2\/categories?post=1299"},{"taxonomy":"post_tag","embeddable":true,"href":"https:\/\/www.masrojo.com.ar\/home\/wp-json\/wp\/v2\/tags?post=1299"}],"curies":[{"name":"wp","href":"https:\/\/api.w.org\/{rel}","templated":true}]}}