{"id":13039,"date":"2018-05-20T20:27:14","date_gmt":"2018-05-20T23:27:14","guid":{"rendered":"https:\/\/www.masrojo.com.ar\/home\/?p=13039"},"modified":"2018-05-20T20:27:14","modified_gmt":"2018-05-20T23:27:14","slug":"meza-estoy-ilusionado-con-poder-estar-en-la-lista-para-rusia","status":"publish","type":"post","link":"https:\/\/www.masrojo.com.ar\/home\/2018\/05\/20\/meza-estoy-ilusionado-con-poder-estar-en-la-lista-para-rusia\/","title":{"rendered":"Meza: \u00abEstoy ilusionado con poder estar en la lista para Rusia\u00bb"},"content":{"rendered":"<p style=\"text-align: justify;\"><em>Maximiliano Meza fue el mejor jugador de Argentina en la paliza que recibi\u00f3 en el Wanda ante Espa\u00f1a (6-1) y est\u00e1 entre los cinco mejores del campeonato local, con su Independiente, en estos \u00faltimos dos a\u00f1os. Hoy podr\u00eda ser una de las sorpresas en la lista del seleccionador, Jorge Sampaoli, para el Mundial de Rusia. Con esa esperanza, concede esta entrevista a MARCA.<\/em><\/p>\n<h3 class=\"list-header\" style=\"text-align: justify;\"><em>\u00a0<\/em><\/h3>\n<dl class=\"interview\">\n<dt><em>\u00bfSe merece estar en la lista de Sampaoli?<\/em><\/dt>\n<dt><\/dt>\n<dt><em>Estoy ilusionado por lo menos. Fui a la \u00faltima gira y eso me abri\u00f3 las puertas, me dio la oportunidad de mostrarme y demostrar que puedo estar a ese nivel.<\/em><\/dt>\n<dt><\/dt>\n<dt><em> Fue el mejor en aquel partido ante Espa\u00f1a en Madrid (6-1). \u00bfQu\u00e9 recuerda de aquella noche?<\/em><\/dt>\n<dt><\/dt>\n<dt><em>Me enfrent\u00e9 a Carvajal y a Jordi Alba, pues fui por ambos lados. \u00a1C\u00f3mo no voy a recordar ese d\u00eda! Fue mi debut en la Selecci\u00f3n y trat\u00e9 de estar al nivel de esos &#8216;monstruos&#8217;. Sufrimos mucho el resultado, pero, para m\u00ed, fue una experiencia positiva por lo que aprend\u00ed. Tengo ganas de estar a ese nivel.P. \u00bfCu\u00e1l es su posici\u00f3n preferida?R. Donde me siento mejor es como volante, que es donde m\u00e1s he jugado en Independiente. Pero tambi\u00e9n jugu\u00e9 por las dos bandas, aunque me siento mejor por la derecha. O de extremo puro por derecha, ah\u00ed tambi\u00e9n me siento bien.<\/em><\/dt>\n<\/dl>\n<p style=\"text-align: justify;\">\n<p style=\"text-align: justify;\"><em>\u00bfQu\u00e9 jugador espa\u00f1ol es su referencia?<\/em><\/p>\n<p style=\"text-align: justify;\"><em> Isco. Me encanta ese jugador. Y cuando lo vi en directo en el c\u00e9sped, m\u00e1s todav\u00eda. Es volante, como yo, y con un gran manejo de la pelota. Me sorprendi\u00f3 mucho. \u00a1Qu\u00e9 loco las cosas que hace ese chico! Lo admiro y ojal\u00e1 me pareciera a \u00e9l.<\/em><\/p>\n<p style=\"text-align: justify;\">\n<p style=\"text-align: justify;\"><em>P. \u00bfSe ve preparado para saltar a Europa o se ve un a\u00f1o m\u00e1s en Independiente?<\/em><\/p>\n<p style=\"text-align: justify;\"><em>Estoy c\u00f3modo aqu\u00ed, con todo lo logrado estos a\u00f1os, pero claro que quiero progresar y si viene algo importante, lo estudiar\u00e9. Busco crecer en un sitio u en otro. Si se da ahora, bienvenido sea. Si no, en El Rojo, que se lo merece todo.<\/em><\/p>\n<p style=\"text-align: justify;\">\n<p style=\"text-align: justify;\"><em>\u00bfEn qu\u00e9 Liga se ve?<\/em><\/p>\n<p style=\"text-align: justify;\"><em>Premier, Liga o Serie A me seducen por igual. Ojal\u00e1 alg\u00fan d\u00eda se d\u00e9 jugar en alg\u00fan club importante de esos pa\u00edses. S\u00e9 esperar. Si sigo en este nivel es m\u00e1s f\u00e1cil que todo llegue.P. \u00bfQu\u00e9 habl\u00f3 con Messi en esa gira que hicieron ante Italia y Espa\u00f1a?R. Ambos somos callados, as\u00ed que&#8230; (risas). Trato de ser de perfil bajo, era mi primera convocatoria y no tengo esa confianza para charlarle. Pero s\u00ed me dio indicaciones y trat\u00e9 de aprender de \u00e9l, es muy buena gente y, como jugador, es dif\u00edcil decir algo nuevo sobre ese crack. Yo estoy feliz de poder jugar con Leo.<\/em><\/p>\n<p style=\"text-align: justify;\">\n<p style=\"text-align: justify;\"><em>\u00bfNot\u00f3 mucha diferencia entre el f\u00fatbol de Sudam\u00e9rica y lo que se encontr\u00f3 con la Albiceleste en esos amistosos europeos?<\/em><\/p>\n<p style=\"text-align: justify;\"><em>S\u00ed, s\u00ed la hay. No s\u00e9 si en lo t\u00e9cnico tanto, pero s\u00ed en la mentalidad, en analizar el partido, en ver la jugada antes&#8230; Ah\u00ed es donde est\u00e1 la diferencia. T\u00e9cnicamente, en Sudam\u00e9rica hay gran nivel tambi\u00e9n.<\/em><\/p>\n","protected":false},"excerpt":{"rendered":"<div class=\"mh-excerpt\"><p>Maximiliano Meza fue el mejor jugador de Argentina en la paliza que recibi\u00f3 en el Wanda ante Espa\u00f1a (6-1) y est\u00e1 entre los cinco mejores del campeonato local, con su Independiente, en estos \u00faltimos dos <a class=\"mh-excerpt-more\" href=\"https:\/\/www.masrojo.com.ar\/home\/2018\/05\/20\/meza-estoy-ilusionado-con-poder-estar-en-la-lista-para-rusia\/\" title=\"Meza: \u00abEstoy ilusionado con poder estar en la lista para Rusia\u00bb\">[&#8230;]<\/a><\/p>\n<\/div>","protected":false},"author":6,"featured_media":0,"comment_status":"closed","ping_status":"closed","sticky":false,"template":"","format":"standard","meta":{"_jetpack_memberships_contains_paid_content":false,"footnotes":"","jetpack_publicize_message":"","jetpack_publicize_feature_enabled":true,"jetpack_social_post_already_shared":true,"jetpack_social_options":{"image_generator_settings":{"template":"highway","enabled":false},"version":2}},"categories":[4],"tags":[35],"class_list":{"0":"post-13039","1":"post","2":"type-post","3":"status-publish","4":"format-standard","6":"category-actualidad","7":"tag-meza"},"jetpack_publicize_connections":[],"jetpack_sharing_enabled":true,"jetpack_featured_media_url":"","jetpack_shortlink":"https:\/\/wp.me\/p90W9F-3oj","_links":{"self":[{"href":"https:\/\/www.masrojo.com.ar\/home\/wp-json\/wp\/v2\/posts\/13039"}],"collection":[{"href":"https:\/\/www.masrojo.com.ar\/home\/wp-json\/wp\/v2\/posts"}],"about":[{"href":"https:\/\/www.masrojo.com.ar\/home\/wp-json\/wp\/v2\/types\/post"}],"author":[{"embeddable":true,"href":"https:\/\/www.masrojo.com.ar\/home\/wp-json\/wp\/v2\/users\/6"}],"replies":[{"embeddable":true,"href":"https:\/\/www.masrojo.com.ar\/home\/wp-json\/wp\/v2\/comments?post=13039"}],"version-history":[{"count":0,"href":"https:\/\/www.masrojo.com.ar\/home\/wp-json\/wp\/v2\/posts\/13039\/revisions"}],"wp:attachment":[{"href":"https:\/\/www.masrojo.com.ar\/home\/wp-json\/wp\/v2\/media?parent=13039"}],"wp:term":[{"taxonomy":"category","embeddable":true,"href":"https:\/\/www.masrojo.com.ar\/home\/wp-json\/wp\/v2\/categories?post=13039"},{"taxonomy":"post_tag","embeddable":true,"href":"https:\/\/www.masrojo.com.ar\/home\/wp-json\/wp\/v2\/tags?post=13039"}],"curies":[{"name":"wp","href":"https:\/\/api.w.org\/{rel}","templated":true}]}}