{"id":13128,"date":"2018-05-22T13:38:42","date_gmt":"2018-05-22T16:38:42","guid":{"rendered":"https:\/\/www.masrojo.com.ar\/home\/?p=13128"},"modified":"2018-05-22T13:38:42","modified_gmt":"2018-05-22T16:38:42","slug":"estoy-feliz-por-la-citacion","status":"publish","type":"post","link":"https:\/\/www.masrojo.com.ar\/home\/2018\/05\/22\/estoy-feliz-por-la-citacion\/","title":{"rendered":"\u00abEstoy feliz por la citaci\u00f3n\u00bb"},"content":{"rendered":"<p style=\"text-align: justify;\"><strong><em>Maxi Meza mostr\u00f3 su felicidad por la\u00a0citaci\u00f3n y expres\u00f3 su deseo de poder compartir cancha con\u00a0Lionel Messi.<\/em><\/strong><\/p>\n<p style=\"text-align: justify;\"><strong><em>\u00abIr al Mundial es el sue\u00f1o de todo jugador. Tuve la oportunidad de vestir la camiseta en la \u00faltima gira y me sent\u00ed conforme con mi actuaci\u00f3n ante Espa\u00f1a. La expectativa de ser llamado estaba pero siempre estuve tranquilo. La competencia para ganarme un lugar\u00a0es con migo mismo y superarme d\u00eda a d\u00eda.\u00a0Estoy feliz por la citaci\u00f3n\u00bb<\/em><\/strong><\/p>\n<p style=\"text-align: justify;\"><strong><em>\u00a0\u00abEs algo pendiente poder jugar con Messi. Siempre trat\u00e9 de llegar a su nivel y estar a la altura. Espero que ahora se de. Van a ser muchos d\u00edas de convivencia y eso me va a servir para mejorar como jugador y como persona. Espero poder cumplir con los sue\u00f1os y objetivos que tengo por delante\u00bb, explic\u00f3<\/em><\/strong><\/p>\n<blockquote class=\"twitter-tweet\" data-lang=\"es\">\n<p dir=\"ltr\" lang=\"und\"><a href=\"https:\/\/t.co\/JGxmfsLlCf\">https:\/\/t.co\/JGxmfsLlCf<\/a><\/p>\n<p>\u2014 MasRojo (@masrojo) <a href=\"https:\/\/twitter.com\/masrojo\/status\/998942778150141952?ref_src=twsrc%5Etfw\">22 de mayo de 2018<\/a><\/p><\/blockquote>\n<p><script async src=\"https:\/\/platform.twitter.com\/widgets.js\" charset=\"utf-8\"><\/script><\/p>\n","protected":false},"excerpt":{"rendered":"<div class=\"mh-excerpt\"><p>Maxi Meza mostr\u00f3 su felicidad por la\u00a0citaci\u00f3n y expres\u00f3 su deseo de poder compartir cancha con\u00a0Lionel Messi. \u00abIr al Mundial es el sue\u00f1o de todo jugador. Tuve la oportunidad de vestir la camiseta en la <a class=\"mh-excerpt-more\" href=\"https:\/\/www.masrojo.com.ar\/home\/2018\/05\/22\/estoy-feliz-por-la-citacion\/\" title=\"\u00abEstoy feliz por la citaci\u00f3n\u00bb\">[&#8230;]<\/a><\/p>\n<\/div>","protected":false},"author":6,"featured_media":0,"comment_status":"closed","ping_status":"closed","sticky":false,"template":"","format":"video","meta":{"_jetpack_memberships_contains_paid_content":false,"footnotes":"","jetpack_publicize_message":"","jetpack_publicize_feature_enabled":true,"jetpack_social_post_already_shared":true,"jetpack_social_options":{"image_generator_settings":{"template":"highway","enabled":false},"version":2}},"categories":[4],"tags":[35],"class_list":{"0":"post-13128","1":"post","2":"type-post","3":"status-publish","4":"format-video","6":"category-actualidad","7":"tag-meza","8":"post_format-post-format-video"},"jetpack_publicize_connections":[],"jetpack_sharing_enabled":true,"jetpack_featured_media_url":"","jetpack_shortlink":"https:\/\/wp.me\/p90W9F-3pK","_links":{"self":[{"href":"https:\/\/www.masrojo.com.ar\/home\/wp-json\/wp\/v2\/posts\/13128"}],"collection":[{"href":"https:\/\/www.masrojo.com.ar\/home\/wp-json\/wp\/v2\/posts"}],"about":[{"href":"https:\/\/www.masrojo.com.ar\/home\/wp-json\/wp\/v2\/types\/post"}],"author":[{"embeddable":true,"href":"https:\/\/www.masrojo.com.ar\/home\/wp-json\/wp\/v2\/users\/6"}],"replies":[{"embeddable":true,"href":"https:\/\/www.masrojo.com.ar\/home\/wp-json\/wp\/v2\/comments?post=13128"}],"version-history":[{"count":0,"href":"https:\/\/www.masrojo.com.ar\/home\/wp-json\/wp\/v2\/posts\/13128\/revisions"}],"wp:attachment":[{"href":"https:\/\/www.masrojo.com.ar\/home\/wp-json\/wp\/v2\/media?parent=13128"}],"wp:term":[{"taxonomy":"category","embeddable":true,"href":"https:\/\/www.masrojo.com.ar\/home\/wp-json\/wp\/v2\/categories?post=13128"},{"taxonomy":"post_tag","embeddable":true,"href":"https:\/\/www.masrojo.com.ar\/home\/wp-json\/wp\/v2\/tags?post=13128"}],"curies":[{"name":"wp","href":"https:\/\/api.w.org\/{rel}","templated":true}]}}