{"id":13136,"date":"2018-05-22T13:48:53","date_gmt":"2018-05-22T16:48:53","guid":{"rendered":"https:\/\/www.masrojo.com.ar\/home\/?p=13136"},"modified":"2018-05-22T13:48:53","modified_gmt":"2018-05-22T16:48:53","slug":"holan-puso-en-duda-si-va-a-jugar-meza-ante-lara","status":"publish","type":"post","link":"https:\/\/www.masrojo.com.ar\/home\/2018\/05\/22\/holan-puso-en-duda-si-va-a-jugar-meza-ante-lara\/","title":{"rendered":"Holan puso en duda si va a jugar Meza ante Lara"},"content":{"rendered":"<p style=\"text-align: justify;\"><em>El entrenador del Rojo expres\u00f3 que\u00a0<strong>\u201cMa\u00f1ana definir\u00e9 si juega Meza\u201d<\/strong>, para enfrentar el \u00faltimo partido de la temporada ante Deportivo Lara. Y agreg\u00f3 que<strong> \u00abSilva y Campa\u00f1a est\u00e1n en la lista de Uruguay por ende es lo mismo que el caso de Meza. La diferencia que Maxi es argentino, ja\u201d<\/strong><\/em><\/p>\n<p style=\"text-align: justify;\"><em>Holan dijo que<strong> \u00abMeza trabaja todos los d\u00edas sin importar la posici\u00f3n en la que juegue.\u00a0Cuando llegu\u00e9 lo hice jugar por adentro y no le gust\u00f3. Lo hablamos.\u00a0Hoy el se abri\u00f3 a jugar en distintas posiciones y la satisfacci\u00f3n m\u00eda como entrenador es que los futbolistas tengan ese bichito adentro de la superaci\u00f3n con entusiasmo y dedicaci\u00f3n. \u00c9l hace un trabajo invisible para mejorar como profesional\u00bb<\/strong><\/em><\/p>\n<p style=\"text-align: justify;\"><em><strong>\u201cOjal\u00e1 Argentina pueda traer la Copa. Y si no se da, hay que apoyar y mantener el proyecto que se eligi\u00f3 con Sampaoli\u201d<\/strong>, afirm\u00f3 el DT.<\/em><\/p>\n<p style=\"text-align: justify;\"><em>Sobre el partido del jueves, Holan dijo que <strong>\u00abMe importa mucho Independiente. El partido del Jueves es muy importante, pero m\u00e1s importante es poder lograr un camino que independientemente de quien sea el t\u00e9cnico del club, se hagan las cosas bien en todo sentido\u201d.<\/strong><\/em><\/p>\n<p style=\"text-align: justify;\"><em><strong>\u201cNo se puede hacer el segundo gol antes que el primero. La gente quiz\u00e1s va a estar nerviosa e impacientes por ganar. Pero que se queden tranquilos que haremos todo lo posible para ganar. Antes Independiente no se conformaba con nada, despu\u00e9s con poco y ahora no sabemos para donde ir. Independiente va a salir a ganar, sabe lo que quiere, juega con una pasi\u00f3n \u00fanica y ser\u00e1 un partido clave para clasificar a octavos de final de Copa Libertadores. El equipo est\u00e1 preparado para tener las claves para el jueves y espero que la gente nos siga apoyando como hicieron siempre\u201d<\/strong>, declar\u00f3 Holan en conferencia.<\/em><\/p>\n<p>&nbsp;<\/p>\n<p>MIR\u00c1 LA CONFERENCIA COMPLETA<\/p>\n<blockquote class=\"twitter-tweet\" data-lang=\"es\">\n<p dir=\"ltr\" lang=\"und\"><a href=\"https:\/\/t.co\/N8b5xsSEP0\">https:\/\/t.co\/N8b5xsSEP0<\/a><\/p>\n<p>\u2014 MasRojo (@masrojo) <a href=\"https:\/\/twitter.com\/masrojo\/status\/998943482285703175?ref_src=twsrc%5Etfw\">22 de mayo de 2018<\/a><\/p><\/blockquote>\n<p><script async src=\"https:\/\/platform.twitter.com\/widgets.js\" charset=\"utf-8\"><\/script><\/p>\n<blockquote class=\"twitter-tweet\" data-lang=\"es\">\n<p dir=\"ltr\" lang=\"und\"><a href=\"https:\/\/t.co\/S3bIGnNCZW\">https:\/\/t.co\/S3bIGnNCZW<\/a><\/p>\n<p>\u2014 MasRojo (@masrojo) <a href=\"https:\/\/twitter.com\/masrojo\/status\/998945213660856326?ref_src=twsrc%5Etfw\">22 de mayo de 2018<\/a><\/p><\/blockquote>\n<p><script async src=\"https:\/\/platform.twitter.com\/widgets.js\" charset=\"utf-8\"><\/script><\/p>\n","protected":false},"excerpt":{"rendered":"<div class=\"mh-excerpt\"><p>El entrenador del Rojo expres\u00f3 que\u00a0\u201cMa\u00f1ana definir\u00e9 si juega Meza\u201d, para enfrentar el \u00faltimo partido de la temporada ante Deportivo Lara. Y agreg\u00f3 que \u00abSilva y Campa\u00f1a est\u00e1n en la lista de Uruguay por ende <a class=\"mh-excerpt-more\" href=\"https:\/\/www.masrojo.com.ar\/home\/2018\/05\/22\/holan-puso-en-duda-si-va-a-jugar-meza-ante-lara\/\" title=\"Holan puso en duda si va a jugar Meza ante Lara\">[&#8230;]<\/a><\/p>\n<\/div>","protected":false},"author":6,"featured_media":0,"comment_status":"closed","ping_status":"closed","sticky":false,"template":"","format":"video","meta":{"_jetpack_memberships_contains_paid_content":false,"footnotes":"","jetpack_publicize_message":"","jetpack_publicize_feature_enabled":true,"jetpack_social_post_already_shared":true,"jetpack_social_options":{"image_generator_settings":{"template":"highway","enabled":false},"version":2}},"categories":[4],"tags":[],"class_list":{"0":"post-13136","1":"post","2":"type-post","3":"status-publish","4":"format-video","6":"category-actualidad","7":"post_format-post-format-video"},"jetpack_publicize_connections":[],"jetpack_sharing_enabled":true,"jetpack_featured_media_url":"","jetpack_shortlink":"https:\/\/wp.me\/p90W9F-3pS","_links":{"self":[{"href":"https:\/\/www.masrojo.com.ar\/home\/wp-json\/wp\/v2\/posts\/13136"}],"collection":[{"href":"https:\/\/www.masrojo.com.ar\/home\/wp-json\/wp\/v2\/posts"}],"about":[{"href":"https:\/\/www.masrojo.com.ar\/home\/wp-json\/wp\/v2\/types\/post"}],"author":[{"embeddable":true,"href":"https:\/\/www.masrojo.com.ar\/home\/wp-json\/wp\/v2\/users\/6"}],"replies":[{"embeddable":true,"href":"https:\/\/www.masrojo.com.ar\/home\/wp-json\/wp\/v2\/comments?post=13136"}],"version-history":[{"count":0,"href":"https:\/\/www.masrojo.com.ar\/home\/wp-json\/wp\/v2\/posts\/13136\/revisions"}],"wp:attachment":[{"href":"https:\/\/www.masrojo.com.ar\/home\/wp-json\/wp\/v2\/media?parent=13136"}],"wp:term":[{"taxonomy":"category","embeddable":true,"href":"https:\/\/www.masrojo.com.ar\/home\/wp-json\/wp\/v2\/categories?post=13136"},{"taxonomy":"post_tag","embeddable":true,"href":"https:\/\/www.masrojo.com.ar\/home\/wp-json\/wp\/v2\/tags?post=13136"}],"curies":[{"name":"wp","href":"https:\/\/api.w.org\/{rel}","templated":true}]}}