{"id":13191,"date":"2018-05-24T00:10:28","date_gmt":"2018-05-24T03:10:28","guid":{"rendered":"https:\/\/www.masrojo.com.ar\/home\/?p=13191"},"modified":"2018-05-24T00:10:28","modified_gmt":"2018-05-24T03:10:28","slug":"por-el-pase","status":"publish","type":"post","link":"https:\/\/www.masrojo.com.ar\/home\/2018\/05\/24\/por-el-pase\/","title":{"rendered":"Por el pase"},"content":{"rendered":"<p style=\"text-align: justify;\">El objetivo m\u00e1s importante de los que se plante\u00f3 el cuerpo t\u00e9cnico y el plantel para este semestre est\u00e1 a 90 minutos de concretarse. Independiente recibe a Deportivo Lara, el tercero del grupo, y ganando alejar\u00eda cualquier especulaci\u00f3n matem\u00e1tica y se meter\u00eda de cabeza en los Octavos de Final de la Copa Libertadores.<\/p>\n<p>&nbsp;<\/p>\n<p style=\"text-align: justify;\">Tras aquel empate en Bogot\u00e1 ante Millonarios, las primeras palabras que expuso el entrenador fueron: \u201cdependemos de nosotros\u201d. Y eso es importante de cara al contexto de especulaciones y arbitrajes pol\u00e9micos. Y si bien es cierto que con una victoria se asegura el pase, existen muchas variantes de resultados que tambi\u00e9n le otorgar\u00edan la clasificaci\u00f3n al Rojo.<\/p>\n<p>&nbsp;<\/p>\n<p style=\"text-align: justify;\">Pero Ariel Holan parece haber tenido suficiente con la especulaci\u00f3n luego de aquellos 60 minutos en Colombia, y para esta final ira con lo mejor que tiene a mano a liquidar la historia lo antes posible.<\/p>\n<p>&nbsp;<\/p>\n<p style=\"text-align: justify;\">Mart\u00edn Campa\u00f1a, Fabricio Bustos, Alan Franco, Nicol\u00e1s FIgal, Gast\u00f3n Silva, Diego Rodr\u00edguez, Fernando Gaibor, Maximiliano Meza, Mart\u00edn Ben\u00edtez, Brian Romero y Emmanuel Gilgiotti forman el equipo con mayores chances de salir al Libertadores de Am\u00e9rica en busca del pase.<\/p>\n","protected":false},"excerpt":{"rendered":"<div class=\"mh-excerpt\"><p>El objetivo m\u00e1s importante de los que se plante\u00f3 el cuerpo t\u00e9cnico y el plantel para este semestre est\u00e1 a 90 minutos de concretarse. Independiente recibe a Deportivo Lara, el tercero del grupo, y ganando <a class=\"mh-excerpt-more\" href=\"https:\/\/www.masrojo.com.ar\/home\/2018\/05\/24\/por-el-pase\/\" title=\"Por el pase\">[&#8230;]<\/a><\/p>\n<\/div>","protected":false},"author":2,"featured_media":0,"comment_status":"closed","ping_status":"closed","sticky":false,"template":"","format":"image","meta":{"_jetpack_memberships_contains_paid_content":false,"footnotes":"","jetpack_publicize_message":"","jetpack_publicize_feature_enabled":true,"jetpack_social_post_already_shared":true,"jetpack_social_options":{"image_generator_settings":{"template":"highway","enabled":false},"version":2}},"categories":[4],"tags":[426,163,183,17],"class_list":{"0":"post-13191","1":"post","2":"type-post","3":"status-publish","4":"format-image","6":"category-actualidad","7":"tag-ariel-holan","8":"tag-copa-libertadores","9":"tag-deportivo-lara","10":"tag-independiente","11":"post_format-post-format-image"},"jetpack_publicize_connections":[],"jetpack_sharing_enabled":true,"jetpack_featured_media_url":"","jetpack_shortlink":"https:\/\/wp.me\/p90W9F-3qL","_links":{"self":[{"href":"https:\/\/www.masrojo.com.ar\/home\/wp-json\/wp\/v2\/posts\/13191"}],"collection":[{"href":"https:\/\/www.masrojo.com.ar\/home\/wp-json\/wp\/v2\/posts"}],"about":[{"href":"https:\/\/www.masrojo.com.ar\/home\/wp-json\/wp\/v2\/types\/post"}],"author":[{"embeddable":true,"href":"https:\/\/www.masrojo.com.ar\/home\/wp-json\/wp\/v2\/users\/2"}],"replies":[{"embeddable":true,"href":"https:\/\/www.masrojo.com.ar\/home\/wp-json\/wp\/v2\/comments?post=13191"}],"version-history":[{"count":0,"href":"https:\/\/www.masrojo.com.ar\/home\/wp-json\/wp\/v2\/posts\/13191\/revisions"}],"wp:attachment":[{"href":"https:\/\/www.masrojo.com.ar\/home\/wp-json\/wp\/v2\/media?parent=13191"}],"wp:term":[{"taxonomy":"category","embeddable":true,"href":"https:\/\/www.masrojo.com.ar\/home\/wp-json\/wp\/v2\/categories?post=13191"},{"taxonomy":"post_tag","embeddable":true,"href":"https:\/\/www.masrojo.com.ar\/home\/wp-json\/wp\/v2\/tags?post=13191"}],"curies":[{"name":"wp","href":"https:\/\/api.w.org\/{rel}","templated":true}]}}