{"id":13815,"date":"2018-06-12T08:31:33","date_gmt":"2018-06-12T11:31:33","guid":{"rendered":"https:\/\/www.masrojo.com.ar\/home\/?p=13815"},"modified":"2018-06-14T17:24:10","modified_gmt":"2018-06-14T20:24:10","slug":"el-burrito-se-quiere-quedar-pero-holan-no-lo-tendra-en-cuenta","status":"publish","type":"post","link":"https:\/\/www.masrojo.com.ar\/home\/2018\/06\/12\/el-burrito-se-quiere-quedar-pero-holan-no-lo-tendra-en-cuenta\/","title":{"rendered":"El Burrito se quiere quedar pero Holan no lo tendr\u00e1 en cuenta"},"content":{"rendered":"<p style=\"text-align: justify;\"><em>El actual jugador de Independiente Juan Manuel Martinez tiene contrato hasta el 30 de junio, pero Holan no lo tendr\u00e1 en cuenta.<\/em><\/p>\n<p style=\"text-align: justify;\"><em>El \u201cBurrito\u201d Juan Manuel Mart\u00ednez dialog\u00f3 con el programa\u00a0Crack Deportivo dijo que<strong>\u00a0\u201cHasta el 30 de junio tengo contrato y despu\u00e9s ser\u00e9 jugador libre. No habl\u00e9 con Holan, no me notificaron que no me van a tener en cuenta ni que siga, as\u00ed que yo hago lo que est\u00e1 en mi poder que es entrenarme\u201d.\u00a0<\/strong>Adem\u00e1s, continu\u00f3:\u00a0<strong>\u201cMe gustar\u00eda quedarme pero m\u00e1s all\u00e1 de las decisiones personales est\u00e1n las del club, tienen que estar las dos partes en la misma direcci\u00f3n. A mi me gustar\u00eda\u201d.<\/strong><\/em><\/p>\n<p style=\"text-align: justify;\"><em>Sin embargo el entrenador no lo tendr\u00e1 en los planes y el jugador se ir\u00e1 de Independiente al finalizar junio, cuando termine el pr\u00e9stamo y se ir\u00e1 como jugador libre<\/em><\/p>\n","protected":false},"excerpt":{"rendered":"<div class=\"mh-excerpt\"><p>El actual jugador de Independiente Juan Manuel Martinez tiene contrato hasta el 30 de junio, pero Holan no lo tendr\u00e1 en cuenta. El \u201cBurrito\u201d Juan Manuel Mart\u00ednez dialog\u00f3 con el programa\u00a0Crack Deportivo dijo que\u00a0\u201cHasta el <a class=\"mh-excerpt-more\" href=\"https:\/\/www.masrojo.com.ar\/home\/2018\/06\/12\/el-burrito-se-quiere-quedar-pero-holan-no-lo-tendra-en-cuenta\/\" title=\"El Burrito se quiere quedar pero Holan no lo tendr\u00e1 en cuenta\">[&#8230;]<\/a><\/p>\n<\/div>","protected":false},"author":6,"featured_media":0,"comment_status":"closed","ping_status":"closed","sticky":false,"template":"","format":"image","meta":{"_jetpack_memberships_contains_paid_content":false,"footnotes":"","jetpack_publicize_message":"","jetpack_publicize_feature_enabled":true,"jetpack_social_post_already_shared":true,"jetpack_social_options":{"image_generator_settings":{"template":"highway","enabled":false},"version":2}},"categories":[4],"tags":[],"class_list":{"0":"post-13815","1":"post","2":"type-post","3":"status-publish","4":"format-image","6":"category-actualidad","7":"post_format-post-format-image"},"jetpack_publicize_connections":[],"jetpack_sharing_enabled":true,"jetpack_featured_media_url":"","jetpack_shortlink":"https:\/\/wp.me\/p90W9F-3AP","_links":{"self":[{"href":"https:\/\/www.masrojo.com.ar\/home\/wp-json\/wp\/v2\/posts\/13815"}],"collection":[{"href":"https:\/\/www.masrojo.com.ar\/home\/wp-json\/wp\/v2\/posts"}],"about":[{"href":"https:\/\/www.masrojo.com.ar\/home\/wp-json\/wp\/v2\/types\/post"}],"author":[{"embeddable":true,"href":"https:\/\/www.masrojo.com.ar\/home\/wp-json\/wp\/v2\/users\/6"}],"replies":[{"embeddable":true,"href":"https:\/\/www.masrojo.com.ar\/home\/wp-json\/wp\/v2\/comments?post=13815"}],"version-history":[{"count":0,"href":"https:\/\/www.masrojo.com.ar\/home\/wp-json\/wp\/v2\/posts\/13815\/revisions"}],"wp:attachment":[{"href":"https:\/\/www.masrojo.com.ar\/home\/wp-json\/wp\/v2\/media?parent=13815"}],"wp:term":[{"taxonomy":"category","embeddable":true,"href":"https:\/\/www.masrojo.com.ar\/home\/wp-json\/wp\/v2\/categories?post=13815"},{"taxonomy":"post_tag","embeddable":true,"href":"https:\/\/www.masrojo.com.ar\/home\/wp-json\/wp\/v2\/tags?post=13815"}],"curies":[{"name":"wp","href":"https:\/\/api.w.org\/{rel}","templated":true}]}}