{"id":14134,"date":"2018-06-26T09:34:57","date_gmt":"2018-06-26T12:34:57","guid":{"rendered":"https:\/\/www.masrojo.com.ar\/home\/?p=14134"},"modified":"2018-06-26T09:34:58","modified_gmt":"2018-06-26T12:34:58","slug":"nico-domingo-en-masrojo-arrancamos-con-una-ilusion-muy-grande","status":"publish","type":"post","link":"https:\/\/www.masrojo.com.ar\/home\/2018\/06\/26\/nico-domingo-en-masrojo-arrancamos-con-una-ilusion-muy-grande\/","title":{"rendered":"Nico Domingo en MasRojo: \u201cArrancamos con una ilusi\u00f3n muy grande\u201d"},"content":{"rendered":"<p style=\"text-align: justify;\"><em><strong>Nicol\u00e1s Domingo habl\u00f3 en MasRojo Radio antes de dar comienzo a la temporada donde resalt\u00f3 el semestre que se le viene al Rojo con las competencias que hay por jugar.<\/strong><\/em><\/p>\n<p style=\"text-align: justify;\"><em>Respecto de lanueva pretemporada que comienza destac\u00f3 el descanso a comparaci\u00f3n de la anterior:<strong> \u201cPudimos terminar el semestre avanzando de fase en la Libertadores. Despu\u00e9s de este descanso, vamos a hacer una buena pretemporada y tratar de enfocarnos en los objetivos\u201d<\/strong>, y agreg\u00f3:<strong> \u201cFue una locura lo que viajamos. Fuimos el equipo argentino que m\u00e1s viaj\u00f3. Por suerte tuvimos vacaciones largas y ahora mucho tiempo de trabajo\u201d.<\/strong><\/em><\/p>\n<p style=\"text-align: justify;\"><em><strong>\u201cArrancamos con una ilusi\u00f3n muy grande, tenemos un semestre hermoso por delante\u00bb<\/strong>, afirm\u00f3.<\/em><\/p>\n<p style=\"text-align: justify;\"><em><strong>\u00abCuando suena el silbato, el equipo tiene que responder sea un amistoso o no. En enero, a los 8 d\u00edas, ya est\u00e1bamos compitiendo. Ahora tenemos m\u00e1s tiempo de trabajo\u00bb<\/strong>, destac\u00f3 sobre la nueva pretemporada.<\/em><\/p>\n<p style=\"text-align: justify;\"><em>Consultado por la idea del entrenador de jugar con un solo 5 dijo que<strong> \u00abCon Ariel (Holan) no habl\u00e9 todav\u00eda. A partir de ma\u00f1ana nos va a contar sus ideas seguramente. Nosotros vamos a seguir como siempre: poniendo a Independiente por encima de cualquier cosa\u00bb.<\/strong><\/em><\/p>\n<p style=\"text-align: justify;\"><em>Y agreg\u00f3 que <strong>\u00abAriel nos inculca que, cuando no tenemos la pelota, los delanteros son los primeros defensores. No importa el sistema, nosotros vamos a dejar todo\u00bb<\/strong><\/em><\/p>\n<p style=\"text-align: justify;\"><em>En cuanto a la valorac\u00edon que han hecho otros entrenadores sobre el juego del equipo expres\u00f3 que <strong>\u00abSi tengo que elegir algo que destaque a #Independiente es que la entrega fue innegociable. Siempre tratamos de ser protagonistas. Hoy se ve que los partidos son muy parejos en los aspectos f\u00edsicos y t\u00e1cticos. En el f\u00fatbol, se destacan m\u00e1s las individualidades\u00bb<\/strong><\/em><\/p>\n<p style=\"text-align: justify;\"><em><strong>\u00abLa relaci\u00f3n que tengo con mis compa\u00f1eros es excelente. Hace un mes que no entrenamos pero el contacto es constante. Ahora paso a ser uno de los m\u00e1s grandes del plantel y hay que asumir roles, siempre con respeto. Hay cosas que te van haciendo en un vestuario. Jugu\u00e9 una final de Libertadores con Pe\u00f1arol, di la vuelta en el Maracan\u00e1 y eso sirve para transmitir cosas en el grupo\u00bb<\/strong>, destac\u00f3.<\/em><\/p>\n<p style=\"text-align: justify;\"><em>Respecto de las competencias dijo que<strong> \u00abTenemos que ir partido a partido, prepararnos bien y saber que en cada partido nos jugamos una final. Hoy el f\u00fatbol est\u00e1 muy parejo, estuve viendo a Jap\u00f3n por los jugadores que juegan en el Cerezo y no va a ser f\u00e1cil el partido\u00bb.<\/strong><\/em><\/p>\n<p><em><strong>ESCUCH\u00c1 LA ENTREVISTA COMPLETA<\/strong><\/em><\/p>\n<p><iframe loading=\"lazy\" src=\"\/\/radiocut.fm\/audiocut\/embed\/mini\/nicolas-domingo-en-masrojo-radio\" width=\"100%\" height=\"65px\" frameborder=\"no\" scrolling=\"no\"><\/iframe><\/p>\n","protected":false},"excerpt":{"rendered":"<div class=\"mh-excerpt\"><p>Nicol\u00e1s Domingo habl\u00f3 en MasRojo Radio antes de dar comienzo a la temporada donde resalt\u00f3 el semestre que se le viene al Rojo con las competencias que hay por jugar. Respecto de lanueva pretemporada que <a class=\"mh-excerpt-more\" href=\"https:\/\/www.masrojo.com.ar\/home\/2018\/06\/26\/nico-domingo-en-masrojo-arrancamos-con-una-ilusion-muy-grande\/\" title=\"Nico Domingo en MasRojo: \u201cArrancamos con una ilusi\u00f3n muy grande\u201d\">[&#8230;]<\/a><\/p>\n<\/div>","protected":false},"author":6,"featured_media":0,"comment_status":"closed","ping_status":"closed","sticky":false,"template":"","format":"audio","meta":{"_jetpack_memberships_contains_paid_content":false,"footnotes":"","jetpack_publicize_message":"","jetpack_publicize_feature_enabled":true,"jetpack_social_post_already_shared":true,"jetpack_social_options":{"image_generator_settings":{"template":"highway","enabled":false},"version":2}},"categories":[4],"tags":[],"class_list":{"0":"post-14134","1":"post","2":"type-post","3":"status-publish","4":"format-audio","6":"category-actualidad","7":"post_format-post-format-audio"},"jetpack_publicize_connections":[],"jetpack_sharing_enabled":true,"jetpack_featured_media_url":"","jetpack_shortlink":"https:\/\/wp.me\/p90W9F-3FY","_links":{"self":[{"href":"https:\/\/www.masrojo.com.ar\/home\/wp-json\/wp\/v2\/posts\/14134"}],"collection":[{"href":"https:\/\/www.masrojo.com.ar\/home\/wp-json\/wp\/v2\/posts"}],"about":[{"href":"https:\/\/www.masrojo.com.ar\/home\/wp-json\/wp\/v2\/types\/post"}],"author":[{"embeddable":true,"href":"https:\/\/www.masrojo.com.ar\/home\/wp-json\/wp\/v2\/users\/6"}],"replies":[{"embeddable":true,"href":"https:\/\/www.masrojo.com.ar\/home\/wp-json\/wp\/v2\/comments?post=14134"}],"version-history":[{"count":0,"href":"https:\/\/www.masrojo.com.ar\/home\/wp-json\/wp\/v2\/posts\/14134\/revisions"}],"wp:attachment":[{"href":"https:\/\/www.masrojo.com.ar\/home\/wp-json\/wp\/v2\/media?parent=14134"}],"wp:term":[{"taxonomy":"category","embeddable":true,"href":"https:\/\/www.masrojo.com.ar\/home\/wp-json\/wp\/v2\/categories?post=14134"},{"taxonomy":"post_tag","embeddable":true,"href":"https:\/\/www.masrojo.com.ar\/home\/wp-json\/wp\/v2\/tags?post=14134"}],"curies":[{"name":"wp","href":"https:\/\/api.w.org\/{rel}","templated":true}]}}