{"id":14181,"date":"2018-06-27T14:30:59","date_gmt":"2018-06-27T17:30:59","guid":{"rendered":"https:\/\/www.masrojo.com.ar\/home\/?p=14181"},"modified":"2018-06-27T17:40:10","modified_gmt":"2018-06-27T20:40:10","slug":"dia-hora-y-lugar-para-la-final-de-la-septima","status":"publish","type":"post","link":"https:\/\/www.masrojo.com.ar\/home\/2018\/06\/27\/dia-hora-y-lugar-para-la-final-de-la-septima\/","title":{"rendered":"D\u00eda, hora y lugar para la final de la S\u00e9ptima"},"content":{"rendered":"<p style=\"text-align: justify;\"><em>La categor\u00eda de S\u00e9ptima Divisi\u00f3n de Independiente jugar\u00e1 la final del certamen.<\/em><\/p>\n<p style=\"text-align: justify;\"><em>Luego de vencer por penales a Lan\u00fas en semifinales, los chicos de la s\u00e9ptima jugar\u00e1n la final ante Boca.<\/em><\/p>\n<p style=\"text-align: justify;\"><em>El encuentro estaba pautado para el d\u00eda s\u00e1bado, pero dado el partido de Argentina &#8211; Francia por los octavos de final de la Copa del Mundo, el encuentro se pas\u00f3 para el d\u00eda domingo.<\/em><\/p>\n<p style=\"text-align: justify;\"><em>Ser\u00e1, entonces, el domingo 1 de julio a las 9 de la ma\u00f1ana en el predio de San Lorenzo, en su cancha auxiliar del Bajo Flores.<\/em><\/p>\n","protected":false},"excerpt":{"rendered":"<div class=\"mh-excerpt\"><p>La categor\u00eda de S\u00e9ptima Divisi\u00f3n de Independiente jugar\u00e1 la final del certamen. Luego de vencer por penales a Lan\u00fas en semifinales, los chicos de la s\u00e9ptima jugar\u00e1n la final ante Boca. El encuentro estaba pautado <a class=\"mh-excerpt-more\" href=\"https:\/\/www.masrojo.com.ar\/home\/2018\/06\/27\/dia-hora-y-lugar-para-la-final-de-la-septima\/\" title=\"D\u00eda, hora y lugar para la final de la S\u00e9ptima\">[&#8230;]<\/a><\/p>\n<\/div>","protected":false},"author":6,"featured_media":0,"comment_status":"closed","ping_status":"closed","sticky":false,"template":"","format":"image","meta":{"_jetpack_memberships_contains_paid_content":false,"footnotes":"","jetpack_publicize_message":"","jetpack_publicize_feature_enabled":true,"jetpack_social_post_already_shared":true,"jetpack_social_options":{"image_generator_settings":{"template":"highway","enabled":false},"version":2}},"categories":[4,16],"tags":[260],"class_list":{"0":"post-14181","1":"post","2":"type-post","3":"status-publish","4":"format-image","6":"category-actualidad","7":"category-inferiores","8":"tag-inferiores","9":"post_format-post-format-image"},"jetpack_publicize_connections":[],"jetpack_sharing_enabled":true,"jetpack_featured_media_url":"","jetpack_shortlink":"https:\/\/wp.me\/p90W9F-3GJ","_links":{"self":[{"href":"https:\/\/www.masrojo.com.ar\/home\/wp-json\/wp\/v2\/posts\/14181"}],"collection":[{"href":"https:\/\/www.masrojo.com.ar\/home\/wp-json\/wp\/v2\/posts"}],"about":[{"href":"https:\/\/www.masrojo.com.ar\/home\/wp-json\/wp\/v2\/types\/post"}],"author":[{"embeddable":true,"href":"https:\/\/www.masrojo.com.ar\/home\/wp-json\/wp\/v2\/users\/6"}],"replies":[{"embeddable":true,"href":"https:\/\/www.masrojo.com.ar\/home\/wp-json\/wp\/v2\/comments?post=14181"}],"version-history":[{"count":0,"href":"https:\/\/www.masrojo.com.ar\/home\/wp-json\/wp\/v2\/posts\/14181\/revisions"}],"wp:attachment":[{"href":"https:\/\/www.masrojo.com.ar\/home\/wp-json\/wp\/v2\/media?parent=14181"}],"wp:term":[{"taxonomy":"category","embeddable":true,"href":"https:\/\/www.masrojo.com.ar\/home\/wp-json\/wp\/v2\/categories?post=14181"},{"taxonomy":"post_tag","embeddable":true,"href":"https:\/\/www.masrojo.com.ar\/home\/wp-json\/wp\/v2\/tags?post=14181"}],"curies":[{"name":"wp","href":"https:\/\/api.w.org\/{rel}","templated":true}]}}