{"id":14256,"date":"2018-06-28T12:13:15","date_gmt":"2018-06-28T15:13:15","guid":{"rendered":"https:\/\/www.masrojo.com.ar\/home\/?p=14256"},"modified":"2018-06-28T12:13:15","modified_gmt":"2018-06-28T15:13:15","slug":"dia-3-entreno-silva","status":"publish","type":"post","link":"https:\/\/www.masrojo.com.ar\/home\/2018\/06\/28\/dia-3-entreno-silva\/","title":{"rendered":"D\u00eda 3: Entren\u00f3 Silva"},"content":{"rendered":"<p style=\"text-align: justify;\"><em>En el tercer d\u00eda de la pretemporada Independiente sum\u00f3 un nuevo refuerzo.<\/em><\/p>\n<p style=\"text-align: justify;\"><em>Francisco Silva entren\u00f3 por primera vez junto a sus nuevos compa\u00f1eros. El chileno proviene de Cruz Azul de M\u00e9xico, en calidad de jugador libre, a pr\u00e9stamo.<\/em><\/p>\n<p style=\"text-align: justify;\"><em>Respecto del entrenamiento los futbolistas se dividieron en dos grupos para realizar los ejercicios f\u00edsicos y futbol\u00edsticos planificados.\u00a0<\/em><\/p>\n<p style=\"text-align: justify;\"><em>Adem\u00e1s realizaron trabajos con pelota en espacios cortos. y f\u00fatbol reducido. Tambi\u00e9n se efectuaron evaluaciones f\u00edsicas con el m\u00e9todo Yoyo-test.<\/em><\/p>\n<p>&nbsp;<\/p>\n","protected":false},"excerpt":{"rendered":"<div class=\"mh-excerpt\"><p>En el tercer d\u00eda de la pretemporada Independiente sum\u00f3 un nuevo refuerzo. Francisco Silva entren\u00f3 por primera vez junto a sus nuevos compa\u00f1eros. El chileno proviene de Cruz Azul de M\u00e9xico, en calidad de jugador <a class=\"mh-excerpt-more\" href=\"https:\/\/www.masrojo.com.ar\/home\/2018\/06\/28\/dia-3-entreno-silva\/\" title=\"D\u00eda 3: Entren\u00f3 Silva\">[&#8230;]<\/a><\/p>\n<\/div>","protected":false},"author":6,"featured_media":0,"comment_status":"closed","ping_status":"closed","sticky":false,"template":"","format":"image","meta":{"_jetpack_memberships_contains_paid_content":false,"footnotes":"","jetpack_publicize_message":"","jetpack_publicize_feature_enabled":true,"jetpack_social_post_already_shared":true,"jetpack_social_options":{"image_generator_settings":{"template":"highway","enabled":false},"version":2}},"categories":[4],"tags":[201,75],"class_list":{"0":"post-14256","1":"post","2":"type-post","3":"status-publish","4":"format-image","6":"category-actualidad","7":"tag-pretemporada","8":"tag-silva","9":"post_format-post-format-image"},"jetpack_publicize_connections":[],"jetpack_sharing_enabled":true,"jetpack_featured_media_url":"","jetpack_shortlink":"https:\/\/wp.me\/p90W9F-3HW","_links":{"self":[{"href":"https:\/\/www.masrojo.com.ar\/home\/wp-json\/wp\/v2\/posts\/14256"}],"collection":[{"href":"https:\/\/www.masrojo.com.ar\/home\/wp-json\/wp\/v2\/posts"}],"about":[{"href":"https:\/\/www.masrojo.com.ar\/home\/wp-json\/wp\/v2\/types\/post"}],"author":[{"embeddable":true,"href":"https:\/\/www.masrojo.com.ar\/home\/wp-json\/wp\/v2\/users\/6"}],"replies":[{"embeddable":true,"href":"https:\/\/www.masrojo.com.ar\/home\/wp-json\/wp\/v2\/comments?post=14256"}],"version-history":[{"count":0,"href":"https:\/\/www.masrojo.com.ar\/home\/wp-json\/wp\/v2\/posts\/14256\/revisions"}],"wp:attachment":[{"href":"https:\/\/www.masrojo.com.ar\/home\/wp-json\/wp\/v2\/media?parent=14256"}],"wp:term":[{"taxonomy":"category","embeddable":true,"href":"https:\/\/www.masrojo.com.ar\/home\/wp-json\/wp\/v2\/categories?post=14256"},{"taxonomy":"post_tag","embeddable":true,"href":"https:\/\/www.masrojo.com.ar\/home\/wp-json\/wp\/v2\/tags?post=14256"}],"curies":[{"name":"wp","href":"https:\/\/api.w.org\/{rel}","templated":true}]}}