{"id":14347,"date":"2018-06-29T15:58:18","date_gmt":"2018-06-29T18:58:18","guid":{"rendered":"https:\/\/www.masrojo.com.ar\/home\/?p=14347"},"modified":"2018-06-29T15:58:18","modified_gmt":"2018-06-29T18:58:18","slug":"el-mensaje-de-despedida-de-torito-rodriguez","status":"publish","type":"post","link":"https:\/\/www.masrojo.com.ar\/home\/2018\/06\/29\/el-mensaje-de-despedida-de-torito-rodriguez\/","title":{"rendered":"El mensaje de despedida de Torito Rodriguez"},"content":{"rendered":"<p style=\"text-align: justify;\"><em>E ahora jugador de Xolos de Tijuana Diego Torito Rodriguez dej\u00f3 un mensaje de despedida en su cuanta de Instagram.<\/em><\/p>\n<p style=\"text-align: justify;\"><em>Aqu\u00ed el mensaje:<\/em><\/p>\n<p style=\"text-align: justify;\">\n<p style=\"text-align: justify;\"><strong><em>Ha terminado una etapa muy significativa en mi vida. Fueron tres a\u00f1os y medio hermosos e intensos, donde aprend\u00ed, me super\u00e9 y disfrut\u00e9 mucho.<\/em><\/strong><br \/>\n<strong><em> Quiero agradecer a todos los funcionarios del Club, utileros, cocineros, dirigentes, a todos los cuerpos t\u00e9cnicos con los que me toc\u00f3 trabajar, cuerpo m\u00e9dico, compa\u00f1eros con los cuales se form\u00f3 un grupo humano incre\u00edble, a los amigos de siempre, a los nuevos amigos que me llevo, a mi familia que son mi verdadero sost\u00e9n. Y a todos los hinchas a quienes voy a estar eternamente agradecido por haber apoyado y alentado al equipo en las buenas y en las malas, por darme siempre pa\u2019 delante. Hasta pronto\u00a0<a class=\"notranslate\" href=\"https:\/\/www.instagram.com\/caindependiente\/\">@caindependiente<\/a><\/em><\/strong><\/p>\n<blockquote class=\"instagram-media\" style=\"background: #FFF; border: 0; border-radius: 3px; box-shadow: 0 0 1px 0 rgba(0,0,0,0.5),0 1px 10px 0 rgba(0,0,0,0.15); margin: 1px; max-width: 658px; padding: 0; width: calc(100% - 2px);\" data-instgrm-captioned=\"\" data-instgrm-permalink=\"https:\/\/www.instagram.com\/p\/Bkno0rgHb7a\/\" data-instgrm-version=\"8\">\n<div style=\"padding: 8px;\">\n<div style=\"background: #F8F8F8; line-height: 0; margin-top: 40px; padding: 49.93333333333334% 0; text-align: center; width: 100%;\">\n<div style=\"background: url(data:image\/png; base64,ivborw0kggoaaaansuheugaaacwaaaascamaaaapwqozaaaabgdbtueaalgpc\/xhbqaaaafzukdcak7ohokaaaamuexurczmzpf399fx1+bm5mzy9amaaadisurbvdjlvzxbesmgces5\/p8\/t9furvcrmu73jwlzosgsiizurcjo\/ad+eqjjb4hv8bft+idpqocx1wjosbfhh2xssxeiyn3uli\/6mnree07uiwjev8ueowds88ly97kqytlijkktuybbruayvh5wohixmpi5we58ek028czwyuqdlkpg1bkb4nnm+veanfhqn1k4+gpt6ugqcvu2h2ovuif\/gwufyy8owepdyzsa3avcqpvovvzzz2vtnn2wu8qzvjddeto90gsy9mvlqtgysy231mxry6i2ggqjrty0l8fxcxfcbbhwrsyyaaaaaelftksuqmcc); display: block; height: 44px; margin: 0 auto -44px; position: relative; top: -22px; width: 44px;\"><\/div>\n<\/div>\n<p style=\"margin: 8px 0 0 0; padding: 0 4px;\"><a style=\"color: #000; font-family: Arial,sans-serif; font-size: 14px; font-style: normal; font-weight: normal; line-height: 17px; text-decoration: none; word-wrap: break-word;\" href=\"https:\/\/www.instagram.com\/p\/Bkno0rgHb7a\/\" target=\"_blank\" rel=\"noopener\">Ha terminado una etapa muy significativa en mi vida. Fueron tres a\u00f1os y medio hermosos e intensos, donde aprend\u00ed, me super\u00e9 y disfrut\u00e9 mucho. Quiero agradecer a todos los funcionarios del Club, utileros, cocineros, dirigentes, a todos los cuerpos t\u00e9cnicos con los que me toc\u00f3 trabajar, cuerpo m\u00e9dico, compa\u00f1eros con los cuales se form\u00f3 un grupo humano incre\u00edble, a los amigos de siempre, a los nuevos amigos que me llevo, a mi familia que son mi verdadero sost\u00e9n. Y a todos los hinchas a quienes voy a estar eternamente agradecido por haber apoyado y alentado al equipo en las buenas y en las malas, por darme siempre pa\u2019 delante. Hasta pronto @caindependiente<\/a><\/p>\n<p style=\"color: #c9c8cd; font-family: Arial,sans-serif; font-size: 14px; line-height: 17px; margin-bottom: 0; margin-top: 8px; overflow: hidden; padding: 8px 0 7px; text-align: center; text-overflow: ellipsis; white-space: nowrap;\">Una publicaci\u00f3n compartida de <a style=\"color: #c9c8cd; font-family: Arial,sans-serif; font-size: 14px; font-style: normal; font-weight: normal; line-height: 17px;\" href=\"https:\/\/www.instagram.com\/tororodriguez15\/\" target=\"_blank\" rel=\"noopener\"> Diego Rodriguez<\/a> (@tororodriguez15) el <time style=\"font-family: Arial,sans-serif; font-size: 14px; line-height: 17px;\" datetime=\"2018-06-29T18:53:32+00:00\">29 Jun, 2018 a las 11:53 PDT<\/time><\/p>\n<\/div>\n<\/blockquote>\n<p><script async defer src=\"\/\/www.instagram.com\/embed.js\"><\/script><\/p>\n","protected":false},"excerpt":{"rendered":"<div class=\"mh-excerpt\"><p>E ahora jugador de Xolos de Tijuana Diego Torito Rodriguez dej\u00f3 un mensaje de despedida en su cuanta de Instagram. Aqu\u00ed el mensaje: Ha terminado una etapa muy significativa en mi vida. Fueron tres a\u00f1os <a class=\"mh-excerpt-more\" href=\"https:\/\/www.masrojo.com.ar\/home\/2018\/06\/29\/el-mensaje-de-despedida-de-torito-rodriguez\/\" title=\"El mensaje de despedida de Torito Rodriguez\">[&#8230;]<\/a><\/p>\n<\/div>","protected":false},"author":6,"featured_media":0,"comment_status":"closed","ping_status":"closed","sticky":false,"template":"","format":"image","meta":{"_jetpack_memberships_contains_paid_content":false,"footnotes":"","jetpack_publicize_message":"","jetpack_publicize_feature_enabled":true,"jetpack_social_post_already_shared":true,"jetpack_social_options":{"image_generator_settings":{"template":"highway","enabled":false},"version":2}},"categories":[4,361],"tags":[],"class_list":{"0":"post-14347","1":"post","2":"type-post","3":"status-publish","4":"format-image","6":"category-actualidad","7":"category-redes-sociales","8":"post_format-post-format-image"},"jetpack_publicize_connections":[],"jetpack_sharing_enabled":true,"jetpack_featured_media_url":"","jetpack_shortlink":"https:\/\/wp.me\/p90W9F-3Jp","_links":{"self":[{"href":"https:\/\/www.masrojo.com.ar\/home\/wp-json\/wp\/v2\/posts\/14347"}],"collection":[{"href":"https:\/\/www.masrojo.com.ar\/home\/wp-json\/wp\/v2\/posts"}],"about":[{"href":"https:\/\/www.masrojo.com.ar\/home\/wp-json\/wp\/v2\/types\/post"}],"author":[{"embeddable":true,"href":"https:\/\/www.masrojo.com.ar\/home\/wp-json\/wp\/v2\/users\/6"}],"replies":[{"embeddable":true,"href":"https:\/\/www.masrojo.com.ar\/home\/wp-json\/wp\/v2\/comments?post=14347"}],"version-history":[{"count":0,"href":"https:\/\/www.masrojo.com.ar\/home\/wp-json\/wp\/v2\/posts\/14347\/revisions"}],"wp:attachment":[{"href":"https:\/\/www.masrojo.com.ar\/home\/wp-json\/wp\/v2\/media?parent=14347"}],"wp:term":[{"taxonomy":"category","embeddable":true,"href":"https:\/\/www.masrojo.com.ar\/home\/wp-json\/wp\/v2\/categories?post=14347"},{"taxonomy":"post_tag","embeddable":true,"href":"https:\/\/www.masrojo.com.ar\/home\/wp-json\/wp\/v2\/tags?post=14347"}],"curies":[{"name":"wp","href":"https:\/\/api.w.org\/{rel}","templated":true}]}}