{"id":14401,"date":"2018-07-02T12:24:58","date_gmt":"2018-07-02T15:24:58","guid":{"rendered":"https:\/\/www.masrojo.com.ar\/home\/?p=14401"},"modified":"2018-07-02T12:26:06","modified_gmt":"2018-07-02T15:26:06","slug":"lo-bajaron-al-vasco","status":"publish","type":"post","link":"https:\/\/www.masrojo.com.ar\/home\/2018\/07\/02\/lo-bajaron-al-vasco\/","title":{"rendered":"Lo bajaron al Vasco"},"content":{"rendered":"<p style=\"text-align: justify;\">Los jugadores de Independiente se hicieron presentes en el <strong>Predio de la AFA<\/strong>, en Ezeiza, para darle forma a la tan necesaria pretemporada. Pero con una novedad: <strong>sin Amorebieta.<\/strong><\/p>\n<p style=\"text-align: justify;\">As\u00ed como fue apartado <strong>Jon\u00e1s Gutierrez<\/strong> del plantel (y continu\u00f3 entren\u00e1ndose con la Reserva), tambi\u00e9n es el caso del venezolano <strong>Fernando Amorebieta<\/strong>, seg\u00fan inform\u00f3 <em>Muy Independiente<\/em>, quien ya sabe que tampoco ser\u00e1 tenido en cuenta por Ariel Holan y no entrenar\u00e1 m\u00e1s con el primer equipo.<\/p>\n<p style=\"text-align: justify;\">Iniciaron la jornada con una rutina en el gimnasio, luego un calentamiento previo a los ejercicios de circulaci\u00f3n de pelota y f\u00fatbol en espacios reducidos.<\/p>\n<p style=\"text-align: justify;\"><strong>Francisco Silva, Guillermo Burdisso y Carlos Benav\u00eddez<\/strong> entrenaron junto al grupo de jugadores elegidos por el DT y contin\u00faan con su puesta a punto.<\/p>\n","protected":false},"excerpt":{"rendered":"<div class=\"mh-excerpt\"><p>Los jugadores de Independiente se hicieron presentes en el Predio de la AFA, en Ezeiza, para darle forma a la tan necesaria pretemporada. Pero con una novedad: sin Amorebieta. As\u00ed como fue apartado Jon\u00e1s Gutierrez <a class=\"mh-excerpt-more\" href=\"https:\/\/www.masrojo.com.ar\/home\/2018\/07\/02\/lo-bajaron-al-vasco\/\" title=\"Lo bajaron al Vasco\">[&#8230;]<\/a><\/p>\n<\/div>","protected":false},"author":4,"featured_media":0,"comment_status":"closed","ping_status":"closed","sticky":false,"template":"","format":"image","meta":{"_jetpack_memberships_contains_paid_content":false,"footnotes":"","jetpack_publicize_message":"#Independiente | Lo bajaron al Vasco","jetpack_publicize_feature_enabled":true,"jetpack_social_post_already_shared":true,"jetpack_social_options":{"image_generator_settings":{"template":"highway","enabled":false},"version":2}},"categories":[4],"tags":[27,23,17,460,201],"class_list":{"0":"post-14401","1":"post","2":"type-post","3":"status-publish","4":"format-image","6":"category-actualidad","7":"tag-entrenamiento","8":"tag-holan","9":"tag-independiente","10":"tag-predio-de-afa","11":"tag-pretemporada","12":"post_format-post-format-image"},"jetpack_publicize_connections":[],"jetpack_sharing_enabled":true,"jetpack_featured_media_url":"","jetpack_shortlink":"https:\/\/wp.me\/p90W9F-3Kh","_links":{"self":[{"href":"https:\/\/www.masrojo.com.ar\/home\/wp-json\/wp\/v2\/posts\/14401"}],"collection":[{"href":"https:\/\/www.masrojo.com.ar\/home\/wp-json\/wp\/v2\/posts"}],"about":[{"href":"https:\/\/www.masrojo.com.ar\/home\/wp-json\/wp\/v2\/types\/post"}],"author":[{"embeddable":true,"href":"https:\/\/www.masrojo.com.ar\/home\/wp-json\/wp\/v2\/users\/4"}],"replies":[{"embeddable":true,"href":"https:\/\/www.masrojo.com.ar\/home\/wp-json\/wp\/v2\/comments?post=14401"}],"version-history":[{"count":0,"href":"https:\/\/www.masrojo.com.ar\/home\/wp-json\/wp\/v2\/posts\/14401\/revisions"}],"wp:attachment":[{"href":"https:\/\/www.masrojo.com.ar\/home\/wp-json\/wp\/v2\/media?parent=14401"}],"wp:term":[{"taxonomy":"category","embeddable":true,"href":"https:\/\/www.masrojo.com.ar\/home\/wp-json\/wp\/v2\/categories?post=14401"},{"taxonomy":"post_tag","embeddable":true,"href":"https:\/\/www.masrojo.com.ar\/home\/wp-json\/wp\/v2\/tags?post=14401"}],"curies":[{"name":"wp","href":"https:\/\/api.w.org\/{rel}","templated":true}]}}