{"id":14498,"date":"2018-07-04T17:03:58","date_gmt":"2018-07-04T20:03:58","guid":{"rendered":"https:\/\/www.masrojo.com.ar\/home\/?p=14498"},"modified":"2018-07-04T17:03:58","modified_gmt":"2018-07-04T20:03:58","slug":"firmo-el-tucu","status":"publish","type":"post","link":"https:\/\/www.masrojo.com.ar\/home\/2018\/07\/04\/firmo-el-tucu\/","title":{"rendered":"FIRM\u00d3 EL TUCU"},"content":{"rendered":"<p style=\"text-align: justify;\"><em>Ahora s\u00ed. Firm\u00f3\u00a0<strong>Pedro Pablo\u00a0Tucu Hern\u00e1ndez<\/strong> por 3 a\u00f1os con Independiente. Se transforma en el cuarto refuerzo oficial en el mercado. Se suma a Benav\u00eddez, Francisco Silva y Burdisso. El Rojo lleva gastados 4 millones de d\u00f3lares en refuerzos hasta ahora.\u00a0<\/em><\/p>\n<p style=\"text-align: justify;\"><em>Independiente lo compra en 1.4\u00a0 mill\u00f3n de d\u00f3lares. Vuelve al f\u00fatbol argentino despu\u00e9s de 5 temporadas en el exterior (4 en el Celta).<\/em><\/p>\n<p style=\"text-align: justify;\"><em>En Celta disput\u00f3\u00a0\u00a0149 partidos a sus espaldas en Liga, Copa y Europa League; diez goles.<\/em><\/p>\n","protected":false},"excerpt":{"rendered":"<div class=\"mh-excerpt\"><p>Ahora s\u00ed. Firm\u00f3\u00a0Pedro Pablo\u00a0Tucu Hern\u00e1ndez por 3 a\u00f1os con Independiente. Se transforma en el cuarto refuerzo oficial en el mercado. Se suma a Benav\u00eddez, Francisco Silva y Burdisso. El Rojo lleva gastados 4 millones de <a class=\"mh-excerpt-more\" href=\"https:\/\/www.masrojo.com.ar\/home\/2018\/07\/04\/firmo-el-tucu\/\" title=\"FIRM\u00d3 EL TUCU\">[&#8230;]<\/a><\/p>\n<\/div>","protected":false},"author":6,"featured_media":0,"comment_status":"closed","ping_status":"closed","sticky":false,"template":"","format":"image","meta":{"_jetpack_memberships_contains_paid_content":false,"footnotes":"","jetpack_publicize_message":"","jetpack_publicize_feature_enabled":true,"jetpack_social_post_already_shared":true,"jetpack_social_options":{"image_generator_settings":{"template":"highway","enabled":false},"version":2}},"categories":[4],"tags":[19],"class_list":{"0":"post-14498","1":"post","2":"type-post","3":"status-publish","4":"format-image","6":"category-actualidad","7":"tag-mercado-de-pases","8":"post_format-post-format-image"},"jetpack_publicize_connections":[],"jetpack_sharing_enabled":true,"jetpack_featured_media_url":"","jetpack_shortlink":"https:\/\/wp.me\/p90W9F-3LQ","_links":{"self":[{"href":"https:\/\/www.masrojo.com.ar\/home\/wp-json\/wp\/v2\/posts\/14498"}],"collection":[{"href":"https:\/\/www.masrojo.com.ar\/home\/wp-json\/wp\/v2\/posts"}],"about":[{"href":"https:\/\/www.masrojo.com.ar\/home\/wp-json\/wp\/v2\/types\/post"}],"author":[{"embeddable":true,"href":"https:\/\/www.masrojo.com.ar\/home\/wp-json\/wp\/v2\/users\/6"}],"replies":[{"embeddable":true,"href":"https:\/\/www.masrojo.com.ar\/home\/wp-json\/wp\/v2\/comments?post=14498"}],"version-history":[{"count":0,"href":"https:\/\/www.masrojo.com.ar\/home\/wp-json\/wp\/v2\/posts\/14498\/revisions"}],"wp:attachment":[{"href":"https:\/\/www.masrojo.com.ar\/home\/wp-json\/wp\/v2\/media?parent=14498"}],"wp:term":[{"taxonomy":"category","embeddable":true,"href":"https:\/\/www.masrojo.com.ar\/home\/wp-json\/wp\/v2\/categories?post=14498"},{"taxonomy":"post_tag","embeddable":true,"href":"https:\/\/www.masrojo.com.ar\/home\/wp-json\/wp\/v2\/tags?post=14498"}],"curies":[{"name":"wp","href":"https:\/\/api.w.org\/{rel}","templated":true}]}}