{"id":14932,"date":"2018-07-16T09:28:13","date_gmt":"2018-07-16T12:28:13","guid":{"rendered":"https:\/\/www.masrojo.com.ar\/home\/?p=14932"},"modified":"2018-07-16T09:28:13","modified_gmt":"2018-07-16T12:28:13","slug":"benitez-2021","status":"publish","type":"post","link":"https:\/\/www.masrojo.com.ar\/home\/2018\/07\/16\/benitez-2021\/","title":{"rendered":"Ben\u00edtez 2021"},"content":{"rendered":"<p style=\"text-align: justify;\"><strong>El misionero de 24 a\u00f1os se sentar\u00e1 con la comisi\u00f3n directiva para renovar su v\u00ednculo con Independiente. El mismo se extender\u00e1 por tres a\u00f1os m\u00e1s e incluir\u00e1 una suba salarial\u00a0 y un aumento en su cl\u00e1usula de recisi\u00f3n.<\/strong><\/p>\n<p style=\"text-align: justify;\">En la obtenci\u00f3n de la Copa Sudamericana fue uno de los futbolistas claves y ahora, en el esquema que plantea Ariel Holan, es una pieza saliente a la hora de crear los ataques del \u00abrojo\u00bb. Por estas cuestiones, a Mart\u00edn Ben\u00edtez le ofrecer\u00e1n una renovaci\u00f3n del v\u00ednculo con el club que se concretar\u00e1 en estas horas.<\/p>\n<p style=\"text-align: justify;\">El mismo ser\u00e1 hasta 2021 y con una suba de la prima mensual que gana el delantero. Adem\u00e1s, se habla de una cl\u00e1usula de salida de 20 millones de d\u00f3lares. De esta manera, al igual que varios futbolistas del plantel profesional, el jugador quedar\u00e1 protegido ante futuros intereses de clubes extranjeros.<\/p>\n","protected":false},"excerpt":{"rendered":"<div class=\"mh-excerpt\"><p>El misionero de 24 a\u00f1os se sentar\u00e1 con la comisi\u00f3n directiva para renovar su v\u00ednculo con Independiente. El mismo se extender\u00e1 por tres a\u00f1os m\u00e1s e incluir\u00e1 una suba salarial\u00a0 y un aumento en su <a class=\"mh-excerpt-more\" href=\"https:\/\/www.masrojo.com.ar\/home\/2018\/07\/16\/benitez-2021\/\" title=\"Ben\u00edtez 2021\">[&#8230;]<\/a><\/p>\n<\/div>","protected":false},"author":2,"featured_media":0,"comment_status":"closed","ping_status":"closed","sticky":false,"template":"","format":"image","meta":{"_jetpack_memberships_contains_paid_content":false,"footnotes":"","jetpack_publicize_message":"","jetpack_publicize_feature_enabled":true,"jetpack_social_post_already_shared":true,"jetpack_social_options":{"image_generator_settings":{"template":"highway","enabled":false},"version":2}},"categories":[4],"tags":[33,483,23,17],"class_list":{"0":"post-14932","1":"post","2":"type-post","3":"status-publish","4":"format-image","6":"category-actualidad","7":"tag-benitez","8":"tag-contrato","9":"tag-holan","10":"tag-independiente","11":"post_format-post-format-image"},"jetpack_publicize_connections":[],"jetpack_sharing_enabled":true,"jetpack_featured_media_url":"","jetpack_shortlink":"https:\/\/wp.me\/p90W9F-3SQ","_links":{"self":[{"href":"https:\/\/www.masrojo.com.ar\/home\/wp-json\/wp\/v2\/posts\/14932"}],"collection":[{"href":"https:\/\/www.masrojo.com.ar\/home\/wp-json\/wp\/v2\/posts"}],"about":[{"href":"https:\/\/www.masrojo.com.ar\/home\/wp-json\/wp\/v2\/types\/post"}],"author":[{"embeddable":true,"href":"https:\/\/www.masrojo.com.ar\/home\/wp-json\/wp\/v2\/users\/2"}],"replies":[{"embeddable":true,"href":"https:\/\/www.masrojo.com.ar\/home\/wp-json\/wp\/v2\/comments?post=14932"}],"version-history":[{"count":0,"href":"https:\/\/www.masrojo.com.ar\/home\/wp-json\/wp\/v2\/posts\/14932\/revisions"}],"wp:attachment":[{"href":"https:\/\/www.masrojo.com.ar\/home\/wp-json\/wp\/v2\/media?parent=14932"}],"wp:term":[{"taxonomy":"category","embeddable":true,"href":"https:\/\/www.masrojo.com.ar\/home\/wp-json\/wp\/v2\/categories?post=14932"},{"taxonomy":"post_tag","embeddable":true,"href":"https:\/\/www.masrojo.com.ar\/home\/wp-json\/wp\/v2\/tags?post=14932"}],"curies":[{"name":"wp","href":"https:\/\/api.w.org\/{rel}","templated":true}]}}