{"id":14940,"date":"2018-07-16T10:45:03","date_gmt":"2018-07-16T13:45:03","guid":{"rendered":"https:\/\/www.masrojo.com.ar\/home\/?p=14940"},"modified":"2018-07-18T02:02:29","modified_gmt":"2018-07-18T05:02:29","slug":"uno-menos-para-el-arco","status":"publish","type":"post","link":"https:\/\/www.masrojo.com.ar\/home\/2018\/07\/16\/uno-menos-para-el-arco\/","title":{"rendered":"Uno menos para el arco"},"content":{"rendered":"<p style=\"text-align: justify;\"><strong>Con la lesi\u00f3n de Rehak que lo marginar\u00e1 de las canchas hasta diciembre como m\u00ednimo, Independiente debi\u00f3 salir r\u00e1pido a la carga para contratar un arquero y se hab\u00eda fijado en Ezequiel Unsain, actual jugador de Defensa y Justicia. Sin embargo, parece casi imposible su llegada.<\/strong><\/p>\n<p style=\"text-align: justify;\">Algo que nadie ten\u00eda en mente sucedi\u00f3 y descoloc\u00f3 los planes del \u00abrojo\u00bb en el mercado de pases. Es que Gonzalo Rehak, que iba a tener otra consideraci\u00f3n en este semestre plagado de competiciones, tuvo una seria lesi\u00f3n en el hombro y ser\u00e1 operado para su recuperaci\u00f3n. Ante este panorama, el club debi\u00f3 salir a buscarle reemplazante.<\/p>\n<p style=\"text-align: justify;\">El primero que apareci\u00f3 en la carpeta de Ariel Holan es Ezequiel Unsain, futbolista que milita actualmente en Defensa y Justicia. Sin embargo, el jugador de 23 a\u00f1os no vio con buenos ojos llegar a Independiente y ser suplente de Campa\u00f1a por lo que, pese a correr con chances de una suba salarial en relaci\u00f3n a lo que percibe en el \u00abhalc\u00f3n\u00bb, prefiri\u00f3 quedarse y priorizar su carrera futbol\u00edstica.<\/p>\n<p style=\"text-align: justify;\">De esta manera, sigue la b\u00fasqueda de un futbolista para ese puesto que podr\u00eda cerrarse en esta semana \u00bfQui\u00e9n ser\u00e1 el pr\u00f3ximo que se vista con los colores de Independiente?<\/p>\n","protected":false},"excerpt":{"rendered":"<div class=\"mh-excerpt\"><p>Con la lesi\u00f3n de Rehak que lo marginar\u00e1 de las canchas hasta diciembre como m\u00ednimo, Independiente debi\u00f3 salir r\u00e1pido a la carga para contratar un arquero y se hab\u00eda fijado en Ezequiel Unsain, actual jugador <a class=\"mh-excerpt-more\" href=\"https:\/\/www.masrojo.com.ar\/home\/2018\/07\/16\/uno-menos-para-el-arco\/\" title=\"Uno menos para el arco\">[&#8230;]<\/a><\/p>\n<\/div>","protected":false},"author":2,"featured_media":0,"comment_status":"closed","ping_status":"closed","sticky":false,"template":"","format":"standard","meta":{"_jetpack_memberships_contains_paid_content":false,"footnotes":"","jetpack_publicize_message":"","jetpack_publicize_feature_enabled":true,"jetpack_social_post_already_shared":true,"jetpack_social_options":{"image_generator_settings":{"template":"highway","enabled":false},"version":2}},"categories":[4],"tags":[396,23,17,19,79,484],"class_list":{"0":"post-14940","1":"post","2":"type-post","3":"status-publish","4":"format-standard","6":"category-actualidad","7":"tag-defensa-y-justicia","8":"tag-holan","9":"tag-independiente","10":"tag-mercado-de-pases","11":"tag-rehak","12":"tag-unsain"},"jetpack_publicize_connections":[],"jetpack_sharing_enabled":true,"jetpack_featured_media_url":"","jetpack_shortlink":"https:\/\/wp.me\/p90W9F-3SY","_links":{"self":[{"href":"https:\/\/www.masrojo.com.ar\/home\/wp-json\/wp\/v2\/posts\/14940"}],"collection":[{"href":"https:\/\/www.masrojo.com.ar\/home\/wp-json\/wp\/v2\/posts"}],"about":[{"href":"https:\/\/www.masrojo.com.ar\/home\/wp-json\/wp\/v2\/types\/post"}],"author":[{"embeddable":true,"href":"https:\/\/www.masrojo.com.ar\/home\/wp-json\/wp\/v2\/users\/2"}],"replies":[{"embeddable":true,"href":"https:\/\/www.masrojo.com.ar\/home\/wp-json\/wp\/v2\/comments?post=14940"}],"version-history":[{"count":0,"href":"https:\/\/www.masrojo.com.ar\/home\/wp-json\/wp\/v2\/posts\/14940\/revisions"}],"wp:attachment":[{"href":"https:\/\/www.masrojo.com.ar\/home\/wp-json\/wp\/v2\/media?parent=14940"}],"wp:term":[{"taxonomy":"category","embeddable":true,"href":"https:\/\/www.masrojo.com.ar\/home\/wp-json\/wp\/v2\/categories?post=14940"},{"taxonomy":"post_tag","embeddable":true,"href":"https:\/\/www.masrojo.com.ar\/home\/wp-json\/wp\/v2\/tags?post=14940"}],"curies":[{"name":"wp","href":"https:\/\/api.w.org\/{rel}","templated":true}]}}