{"id":14967,"date":"2018-07-17T09:32:48","date_gmt":"2018-07-17T12:32:48","guid":{"rendered":"https:\/\/www.masrojo.com.ar\/home\/?p=14967"},"modified":"2018-07-17T09:33:05","modified_gmt":"2018-07-17T12:33:05","slug":"interesan-en-el-pincha","status":"publish","type":"post","link":"https:\/\/www.masrojo.com.ar\/home\/2018\/07\/17\/interesan-en-el-pincha\/","title":{"rendered":"Interesan en el Pincha"},"content":{"rendered":"<p style=\"text-align: justify;\"><em>Mientras Independiente se sigue preparando, el mercado de pases tambi\u00e9n se sigue moviendo.<\/em><\/p>\n<p style=\"text-align: justify;\"><em> Gonzalo Ver\u00f3n y Francisco Pizzini interesan en Estudiantes de La Plata para esta temporada ya que estar\u00e1n relegados en Independiente.<\/em><\/p>\n<p style=\"text-align: justify;\"><em>El Pincha pregunt\u00f3 por Brian Romero pero ante la negativa de Holan qui\u00e9n le est\u00e1 dado m\u00e1s espacio al ex Argentinos, El Rojo ofreci\u00f3 a Ver\u00f3n y Pizzini. La \u00fanica duda en el \u00abLe\u00f3n\u00bb son los pocos minutos que tuvieron en este semestre.<\/em><\/p>\n<p><em>Adem\u00e1s se cerrar\u00e1 en los pr\u00f3ximos d\u00edas el pr\u00e9stamo de Lucas Albertengo tambi\u00e9n a Estudiantes de La Plata.<\/em><\/p>\n","protected":false},"excerpt":{"rendered":"<div class=\"mh-excerpt\"><p>Mientras Independiente se sigue preparando, el mercado de pases tambi\u00e9n se sigue moviendo. Gonzalo Ver\u00f3n y Francisco Pizzini interesan en Estudiantes de La Plata para esta temporada ya que estar\u00e1n relegados en Independiente. El Pincha <a class=\"mh-excerpt-more\" href=\"https:\/\/www.masrojo.com.ar\/home\/2018\/07\/17\/interesan-en-el-pincha\/\" title=\"Interesan en el Pincha\">[&#8230;]<\/a><\/p>\n<\/div>","protected":false},"author":6,"featured_media":0,"comment_status":"closed","ping_status":"closed","sticky":false,"template":"","format":"image","meta":{"_jetpack_memberships_contains_paid_content":false,"footnotes":"","jetpack_publicize_message":"","jetpack_publicize_feature_enabled":true,"jetpack_social_post_already_shared":true,"jetpack_social_options":{"image_generator_settings":{"template":"highway","enabled":false},"version":2}},"categories":[4],"tags":[19],"class_list":{"0":"post-14967","1":"post","2":"type-post","3":"status-publish","4":"format-image","6":"category-actualidad","7":"tag-mercado-de-pases","8":"post_format-post-format-image"},"jetpack_publicize_connections":[],"jetpack_sharing_enabled":true,"jetpack_featured_media_url":"","jetpack_shortlink":"https:\/\/wp.me\/p90W9F-3Tp","_links":{"self":[{"href":"https:\/\/www.masrojo.com.ar\/home\/wp-json\/wp\/v2\/posts\/14967"}],"collection":[{"href":"https:\/\/www.masrojo.com.ar\/home\/wp-json\/wp\/v2\/posts"}],"about":[{"href":"https:\/\/www.masrojo.com.ar\/home\/wp-json\/wp\/v2\/types\/post"}],"author":[{"embeddable":true,"href":"https:\/\/www.masrojo.com.ar\/home\/wp-json\/wp\/v2\/users\/6"}],"replies":[{"embeddable":true,"href":"https:\/\/www.masrojo.com.ar\/home\/wp-json\/wp\/v2\/comments?post=14967"}],"version-history":[{"count":0,"href":"https:\/\/www.masrojo.com.ar\/home\/wp-json\/wp\/v2\/posts\/14967\/revisions"}],"wp:attachment":[{"href":"https:\/\/www.masrojo.com.ar\/home\/wp-json\/wp\/v2\/media?parent=14967"}],"wp:term":[{"taxonomy":"category","embeddable":true,"href":"https:\/\/www.masrojo.com.ar\/home\/wp-json\/wp\/v2\/categories?post=14967"},{"taxonomy":"post_tag","embeddable":true,"href":"https:\/\/www.masrojo.com.ar\/home\/wp-json\/wp\/v2\/tags?post=14967"}],"curies":[{"name":"wp","href":"https:\/\/api.w.org\/{rel}","templated":true}]}}