{"id":15001,"date":"2018-07-17T14:44:43","date_gmt":"2018-07-17T17:44:43","guid":{"rendered":"https:\/\/www.masrojo.com.ar\/home\/?p=15001"},"modified":"2018-07-17T14:44:43","modified_gmt":"2018-07-17T17:44:43","slug":"la-negociacion-termino","status":"publish","type":"post","link":"https:\/\/www.masrojo.com.ar\/home\/2018\/07\/17\/la-negociacion-termino\/","title":{"rendered":"\u00abLA NEGOCIACI\u00d3N TERMIN\u00d3\u00bb"},"content":{"rendered":"<p style=\"text-align: justify;\">Tras varias semanas de negociaci\u00f3n de idas y vueltas, el presidente de Olimpia dio por finalizadas las negociaciones por la venta del futbolista Richard S\u00e1nchez a Independiente.<\/p>\n<p style=\"text-align: justify;\">Consultado en una conferencia de prensa el presidente Marco Teovato as\u00ed lo afirm\u00f3\u00a0\u00abRichard S\u00e1nchez no se va, Independiente tiene un problema con el cupo de extranjeros, le comunicamos que por ahora la negociaci\u00f3n termin\u00f3\u00bb.<\/p>\n<p style=\"text-align: justify;\">Pese a que Pablo Moyano hab\u00eda dado la excusa del embargo de Ciancio, la realidad es que ante la no salida de Fernando Amorebieta, qui\u00e9n sigue entrenando en Dominico, Independiente no pudo liberar el cupo para contratar al futbolista de Olimpia.<\/p>\n<p style=\"text-align: justify;\">Tal vez pueda retomarse la negociaci\u00f3n para el pr\u00f3ximo mercado de pases de diciembre .<\/p>\n","protected":false},"excerpt":{"rendered":"<div class=\"mh-excerpt\"><p>Tras varias semanas de negociaci\u00f3n de idas y vueltas, el presidente de Olimpia dio por finalizadas las negociaciones por la venta del futbolista Richard S\u00e1nchez a Independiente. Consultado en una conferencia de prensa el presidente <a class=\"mh-excerpt-more\" href=\"https:\/\/www.masrojo.com.ar\/home\/2018\/07\/17\/la-negociacion-termino\/\" title=\"\u00abLA NEGOCIACI\u00d3N TERMIN\u00d3\u00bb\">[&#8230;]<\/a><\/p>\n<\/div>","protected":false},"author":6,"featured_media":0,"comment_status":"closed","ping_status":"closed","sticky":false,"template":"","format":"video","meta":{"_jetpack_memberships_contains_paid_content":false,"footnotes":"","jetpack_publicize_message":"","jetpack_publicize_feature_enabled":true,"jetpack_social_post_already_shared":true,"jetpack_social_options":{"image_generator_settings":{"template":"highway","enabled":false},"version":2}},"categories":[4],"tags":[19],"class_list":{"0":"post-15001","1":"post","2":"type-post","3":"status-publish","4":"format-video","6":"category-actualidad","7":"tag-mercado-de-pases","8":"post_format-post-format-video"},"jetpack_publicize_connections":[],"jetpack_sharing_enabled":true,"jetpack_featured_media_url":"","jetpack_shortlink":"https:\/\/wp.me\/p90W9F-3TX","_links":{"self":[{"href":"https:\/\/www.masrojo.com.ar\/home\/wp-json\/wp\/v2\/posts\/15001"}],"collection":[{"href":"https:\/\/www.masrojo.com.ar\/home\/wp-json\/wp\/v2\/posts"}],"about":[{"href":"https:\/\/www.masrojo.com.ar\/home\/wp-json\/wp\/v2\/types\/post"}],"author":[{"embeddable":true,"href":"https:\/\/www.masrojo.com.ar\/home\/wp-json\/wp\/v2\/users\/6"}],"replies":[{"embeddable":true,"href":"https:\/\/www.masrojo.com.ar\/home\/wp-json\/wp\/v2\/comments?post=15001"}],"version-history":[{"count":0,"href":"https:\/\/www.masrojo.com.ar\/home\/wp-json\/wp\/v2\/posts\/15001\/revisions"}],"wp:attachment":[{"href":"https:\/\/www.masrojo.com.ar\/home\/wp-json\/wp\/v2\/media?parent=15001"}],"wp:term":[{"taxonomy":"category","embeddable":true,"href":"https:\/\/www.masrojo.com.ar\/home\/wp-json\/wp\/v2\/categories?post=15001"},{"taxonomy":"post_tag","embeddable":true,"href":"https:\/\/www.masrojo.com.ar\/home\/wp-json\/wp\/v2\/tags?post=15001"}],"curies":[{"name":"wp","href":"https:\/\/api.w.org\/{rel}","templated":true}]}}