{"id":15078,"date":"2018-07-19T00:03:19","date_gmt":"2018-07-19T03:03:19","guid":{"rendered":"https:\/\/www.masrojo.com.ar\/home\/?p=15078"},"modified":"2018-07-19T03:05:01","modified_gmt":"2018-07-19T06:05:01","slug":"oferta-por-cerutti","status":"publish","type":"post","link":"https:\/\/www.masrojo.com.ar\/home\/2018\/07\/19\/oferta-por-cerutti\/","title":{"rendered":"OFERTA POR CERUTTI"},"content":{"rendered":"<div class=\"articleTop\">\n<h2 class=\"bajada\" style=\"text-align: justify;\"><em>El Rojo tiene avanzadas las negociaciones con Al-Hilal para contratar al atacante a pr\u00e9stamo por un a\u00f1o con opci\u00f3n de compra.<\/em><\/h2>\n<\/div>\n<div class=\"articleMedia\">\n<div class=\"image\" style=\"text-align: justify;\"><em><picture><source srcset=\"https:\/\/media.tycsports.com\/files\/2018\/07\/18\/16442\/ezequiel-cerutti-san-lorenzo_416x234.jpg?v=1\" media=\"(max-width: 480px) \" \/><\/picture><\/em><\/div>\n<div>\n<p class=\"capital\" style=\"text-align: justify;\"><em>Ezequiel Cerutti est\u00e1 muy cerca de convertirse en las pr\u00f3ximas horas en el nuevo refuerzo de Independiente, que tiene muy avanzadas las negociaciones con Al-Hilal de Arabia Saudita.<\/em><\/p>\n<p style=\"text-align: justify;\"><em>En tal sentido Pablo Moyano afirm\u00f3 en Ataque Futbolero que\u00a0<strong>\u201cSe ha hecho una oferta de pr\u00e9stamo por un a\u00f1o por Cerutti con opci\u00f3n de compra de 4.500.000 de d\u00f3lares\u201d<\/strong>. Seg\u00fan pudo averiguar MASROJO, el cargo del pr\u00e9stamo es de 400 mil d\u00f3alres y ser\u00eda descontado en caso de compra.<\/em><\/p>\n<p style=\"text-align: justify;\"><em>La intenci\u00f3n de los dirigentes con el atacante de 26 a\u00f1os es conseguir un pr\u00e9stamo por un a\u00f1o con opci\u00f3n de compra.<\/em><\/p>\n<p style=\"text-align: justify;\"><em>El Pocho Cerutti surgi\u00f3 futbol\u00edsticamente en Sarmiento de Jun\u00edn y luego tuvo pasos por Olimpo, Estudiantes y San Lorenzo, para recalar este a\u00f1o en el f\u00fatbol \u00e1rabe.<\/em><\/p>\n<p>&nbsp;<\/p>\n<\/div>\n<\/div>\n","protected":false},"excerpt":{"rendered":"<div class=\"mh-excerpt\"><p>El Rojo tiene avanzadas las negociaciones con Al-Hilal para contratar al atacante a pr\u00e9stamo por un a\u00f1o con opci\u00f3n de compra. Ezequiel Cerutti est\u00e1 muy cerca de convertirse en las pr\u00f3ximas horas en el nuevo <a class=\"mh-excerpt-more\" href=\"https:\/\/www.masrojo.com.ar\/home\/2018\/07\/19\/oferta-por-cerutti\/\" title=\"OFERTA POR CERUTTI\">[&#8230;]<\/a><\/p>\n<\/div>","protected":false},"author":6,"featured_media":0,"comment_status":"closed","ping_status":"closed","sticky":false,"template":"","format":"image","meta":{"_jetpack_memberships_contains_paid_content":false,"footnotes":"","jetpack_publicize_message":"","jetpack_publicize_feature_enabled":true,"jetpack_social_post_already_shared":true,"jetpack_social_options":{"image_generator_settings":{"template":"highway","enabled":false},"version":2}},"categories":[4],"tags":[19],"class_list":{"0":"post-15078","1":"post","2":"type-post","3":"status-publish","4":"format-image","6":"category-actualidad","7":"tag-mercado-de-pases","8":"post_format-post-format-image"},"jetpack_publicize_connections":[],"jetpack_sharing_enabled":true,"jetpack_featured_media_url":"","jetpack_shortlink":"https:\/\/wp.me\/p90W9F-3Vc","_links":{"self":[{"href":"https:\/\/www.masrojo.com.ar\/home\/wp-json\/wp\/v2\/posts\/15078"}],"collection":[{"href":"https:\/\/www.masrojo.com.ar\/home\/wp-json\/wp\/v2\/posts"}],"about":[{"href":"https:\/\/www.masrojo.com.ar\/home\/wp-json\/wp\/v2\/types\/post"}],"author":[{"embeddable":true,"href":"https:\/\/www.masrojo.com.ar\/home\/wp-json\/wp\/v2\/users\/6"}],"replies":[{"embeddable":true,"href":"https:\/\/www.masrojo.com.ar\/home\/wp-json\/wp\/v2\/comments?post=15078"}],"version-history":[{"count":0,"href":"https:\/\/www.masrojo.com.ar\/home\/wp-json\/wp\/v2\/posts\/15078\/revisions"}],"wp:attachment":[{"href":"https:\/\/www.masrojo.com.ar\/home\/wp-json\/wp\/v2\/media?parent=15078"}],"wp:term":[{"taxonomy":"category","embeddable":true,"href":"https:\/\/www.masrojo.com.ar\/home\/wp-json\/wp\/v2\/categories?post=15078"},{"taxonomy":"post_tag","embeddable":true,"href":"https:\/\/www.masrojo.com.ar\/home\/wp-json\/wp\/v2\/tags?post=15078"}],"curies":[{"name":"wp","href":"https:\/\/api.w.org\/{rel}","templated":true}]}}