{"id":15111,"date":"2018-07-19T00:51:40","date_gmt":"2018-07-19T03:51:40","guid":{"rendered":"https:\/\/www.masrojo.com.ar\/home\/?p=15111"},"modified":"2018-07-19T00:51:40","modified_gmt":"2018-07-19T03:51:40","slug":"si-se-hace-lo-cerutti-nos-retiramos-del-mercado","status":"publish","type":"post","link":"https:\/\/www.masrojo.com.ar\/home\/2018\/07\/19\/si-se-hace-lo-cerutti-nos-retiramos-del-mercado\/","title":{"rendered":"\u00abSI SE HACE LO CERUTTI NOS RETIRAMOS DEL MERCADO\u00bb"},"content":{"rendered":"<p style=\"text-align: justify;\"><em>Pablo Moyano afirm\u00f3 en Ataque Futbolero que se avanzaron en las negociaciones para contar con el ex jugador de San Lorenzo.<\/em><\/p>\n<p style=\"text-align: justify;\"><em><strong> \u201cSe ha hecho una oferta de pr\u00e9stamo por un a\u00f1o por Cerutti con opci\u00f3n de compra de 4.500.000 de d\u00f3lares\u201d<\/strong>. Seg\u00fan pudo averiguar MASROJO, el cargo del pr\u00e9stamo es de 400 mil d\u00f3lares y ser\u00eda descontado en caso de compra.\u00a0<strong>\u201cSi se hace lo de Ezequiel Cerutti, nos retiramos del mercado de pases\u201d<\/strong>, remarc\u00f3<\/em><\/p>\n<p style=\"text-align: justify;\"><em><strong>\u201cLo de Richard S\u00e1nchez y Juan Escobar son proyectos a futuro. Tampoco vamos a gastar una locura.\u00a0El mejor refuerzo fue la vuelta de Maximiliano Meza\u201d<\/strong>, afirm\u00f3.<\/em><\/p>\n<p style=\"text-align: justify;\"><em>Adem\u00e1s consultado por la vuelta del Kun Ag\u00faero dijo que<strong>\u00a0\u201cA Ag\u00fcero lo esperamos, que venga cuando quiera. Si quiere venir en 2019 o m\u00e1s adelante\u201d.<\/strong><\/em><\/p>\n<p>AUDIO PABLO MOYANO EN ATAQUE FUTBOLERO<\/p>\n<p><iframe loading=\"lazy\" src=\"https:\/\/www.mixcloud.com\/widget\/iframe\/?hide_cover=1&amp;mini=1&amp;feed=%2FAtaqueFutbolero%2Fpablo-moyano-en-af%2F\" width=\"100%\" height=\"60\" frameborder=\"0\"><\/iframe><\/p>\n","protected":false},"excerpt":{"rendered":"<div class=\"mh-excerpt\"><p>Pablo Moyano afirm\u00f3 en Ataque Futbolero que se avanzaron en las negociaciones para contar con el ex jugador de San Lorenzo. \u201cSe ha hecho una oferta de pr\u00e9stamo por un a\u00f1o por Cerutti con opci\u00f3n <a class=\"mh-excerpt-more\" href=\"https:\/\/www.masrojo.com.ar\/home\/2018\/07\/19\/si-se-hace-lo-cerutti-nos-retiramos-del-mercado\/\" title=\"\u00abSI SE HACE LO CERUTTI NOS RETIRAMOS DEL MERCADO\u00bb\">[&#8230;]<\/a><\/p>\n<\/div>","protected":false},"author":6,"featured_media":14985,"comment_status":"closed","ping_status":"closed","sticky":false,"template":"","format":"image","meta":{"_jetpack_memberships_contains_paid_content":false,"footnotes":"","jetpack_publicize_message":"","jetpack_publicize_feature_enabled":true,"jetpack_social_post_already_shared":true,"jetpack_social_options":{"image_generator_settings":{"template":"highway","enabled":false},"version":2}},"categories":[4],"tags":[19],"class_list":{"0":"post-15111","1":"post","2":"type-post","3":"status-publish","4":"format-image","5":"has-post-thumbnail","7":"category-actualidad","8":"tag-mercado-de-pases","9":"post_format-post-format-image"},"jetpack_publicize_connections":[],"jetpack_sharing_enabled":true,"jetpack_featured_media_url":"https:\/\/i0.wp.com\/www.masrojo.com.ar\/home\/wp-content\/uploads\/PM.jpg?fit=660%2C385&ssl=1","jetpack_shortlink":"https:\/\/wp.me\/p90W9F-3VJ","_links":{"self":[{"href":"https:\/\/www.masrojo.com.ar\/home\/wp-json\/wp\/v2\/posts\/15111"}],"collection":[{"href":"https:\/\/www.masrojo.com.ar\/home\/wp-json\/wp\/v2\/posts"}],"about":[{"href":"https:\/\/www.masrojo.com.ar\/home\/wp-json\/wp\/v2\/types\/post"}],"author":[{"embeddable":true,"href":"https:\/\/www.masrojo.com.ar\/home\/wp-json\/wp\/v2\/users\/6"}],"replies":[{"embeddable":true,"href":"https:\/\/www.masrojo.com.ar\/home\/wp-json\/wp\/v2\/comments?post=15111"}],"version-history":[{"count":0,"href":"https:\/\/www.masrojo.com.ar\/home\/wp-json\/wp\/v2\/posts\/15111\/revisions"}],"wp:featuredmedia":[{"embeddable":true,"href":"https:\/\/www.masrojo.com.ar\/home\/wp-json\/wp\/v2\/media\/14985"}],"wp:attachment":[{"href":"https:\/\/www.masrojo.com.ar\/home\/wp-json\/wp\/v2\/media?parent=15111"}],"wp:term":[{"taxonomy":"category","embeddable":true,"href":"https:\/\/www.masrojo.com.ar\/home\/wp-json\/wp\/v2\/categories?post=15111"},{"taxonomy":"post_tag","embeddable":true,"href":"https:\/\/www.masrojo.com.ar\/home\/wp-json\/wp\/v2\/tags?post=15111"}],"curies":[{"name":"wp","href":"https:\/\/api.w.org\/{rel}","templated":true}]}}