{"id":15510,"date":"2018-07-27T19:46:11","date_gmt":"2018-07-27T22:46:11","guid":{"rendered":"https:\/\/www.masrojo.com.ar\/home\/?p=15510"},"modified":"2018-07-27T19:59:00","modified_gmt":"2018-07-27T22:59:00","slug":"meza-renueva-contrato-y-suben-la-clausula","status":"publish","type":"post","link":"https:\/\/www.masrojo.com.ar\/home\/2018\/07\/27\/meza-renueva-contrato-y-suben-la-clausula\/","title":{"rendered":"Meza renueva contrato y suben la cl\u00e1usula"},"content":{"rendered":"<p style=\"text-align: justify;\">Maximiliano Meza seguir\u00e1 en Independiente . Se lleg\u00f3 a un acuerdo entre todas las partes<\/p>\n<p style=\"text-align: justify;\">El nuevo v\u00ednculo ser\u00e1 hasta el junio del 2021 y se eleva la cl\u00e1usula de rescisi\u00f3n del contrato a 25 millones de d\u00f3lares\u00a0 como pretend\u00eda la dirigencia de Independiente.<\/p>\n<p style=\"text-align: justify;\">Meza recibir\u00eda una mejora en su contrato el cual finalizaba en el 2020. Y su cl\u00e1usula era de 12 millones de d\u00f3lares .<\/p>\n","protected":false},"excerpt":{"rendered":"<div class=\"mh-excerpt\"><p>Maximiliano Meza seguir\u00e1 en Independiente . Se lleg\u00f3 a un acuerdo entre todas las partes El nuevo v\u00ednculo ser\u00e1 hasta el junio del 2021 y se eleva la cl\u00e1usula de rescisi\u00f3n del contrato a 25 <a class=\"mh-excerpt-more\" href=\"https:\/\/www.masrojo.com.ar\/home\/2018\/07\/27\/meza-renueva-contrato-y-suben-la-clausula\/\" title=\"Meza renueva contrato y suben la cl\u00e1usula\">[&#8230;]<\/a><\/p>\n<\/div>","protected":false},"author":6,"featured_media":0,"comment_status":"closed","ping_status":"closed","sticky":false,"template":"","format":"image","meta":{"_jetpack_memberships_contains_paid_content":false,"footnotes":"","jetpack_publicize_message":"","jetpack_publicize_feature_enabled":true,"jetpack_social_post_already_shared":true,"jetpack_social_options":{"image_generator_settings":{"template":"highway","enabled":false},"version":2}},"categories":[4],"tags":[35],"class_list":{"0":"post-15510","1":"post","2":"type-post","3":"status-publish","4":"format-image","6":"category-actualidad","7":"tag-meza","8":"post_format-post-format-image"},"jetpack_publicize_connections":[],"jetpack_sharing_enabled":true,"jetpack_featured_media_url":"","jetpack_shortlink":"https:\/\/wp.me\/p90W9F-42a","_links":{"self":[{"href":"https:\/\/www.masrojo.com.ar\/home\/wp-json\/wp\/v2\/posts\/15510"}],"collection":[{"href":"https:\/\/www.masrojo.com.ar\/home\/wp-json\/wp\/v2\/posts"}],"about":[{"href":"https:\/\/www.masrojo.com.ar\/home\/wp-json\/wp\/v2\/types\/post"}],"author":[{"embeddable":true,"href":"https:\/\/www.masrojo.com.ar\/home\/wp-json\/wp\/v2\/users\/6"}],"replies":[{"embeddable":true,"href":"https:\/\/www.masrojo.com.ar\/home\/wp-json\/wp\/v2\/comments?post=15510"}],"version-history":[{"count":0,"href":"https:\/\/www.masrojo.com.ar\/home\/wp-json\/wp\/v2\/posts\/15510\/revisions"}],"wp:attachment":[{"href":"https:\/\/www.masrojo.com.ar\/home\/wp-json\/wp\/v2\/media?parent=15510"}],"wp:term":[{"taxonomy":"category","embeddable":true,"href":"https:\/\/www.masrojo.com.ar\/home\/wp-json\/wp\/v2\/categories?post=15510"},{"taxonomy":"post_tag","embeddable":true,"href":"https:\/\/www.masrojo.com.ar\/home\/wp-json\/wp\/v2\/tags?post=15510"}],"curies":[{"name":"wp","href":"https:\/\/api.w.org\/{rel}","templated":true}]}}