{"id":15571,"date":"2018-07-30T20:01:45","date_gmt":"2018-07-30T23:01:45","guid":{"rendered":"https:\/\/www.masrojo.com.ar\/home\/?p=15571"},"modified":"2018-07-30T20:01:45","modified_gmt":"2018-07-30T23:01:45","slug":"el-fixture-de-los-diablitos","status":"publish","type":"post","link":"https:\/\/www.masrojo.com.ar\/home\/2018\/07\/30\/el-fixture-de-los-diablitos\/","title":{"rendered":"El fixture de los diablitos"},"content":{"rendered":"<p style=\"text-align: justify;\"><strong>La Superliga tambi\u00e9n sac\u00f3 los cruces de las categor\u00edas juveniles del f\u00fatbol argentino e Independiente ya tiene a sus rivales. Adem\u00e1s, sabe cuando ser\u00e1 el Cl\u00e1sico de Avellaneda donde las menores ser\u00e1n locales.<\/strong><\/p>\n<p>El \u00abrojo\u00bb piensa en el futuro y el principal son las inferiores de la instituci\u00f3n. El campeonato ya est\u00e1 a la vuelta de la esquina y ya est\u00e1n los rivales que deber\u00e1 enfrentar en la zona \u00abA\u00bb para emular lo que la S\u00e9ptima logr\u00f3 en el primer semestre del a\u00f1o.<\/p>\n<p style=\"text-align: justify;\">El periplo comienza este s\u00e1bado ante Patronato. Las categor\u00edas menores arrancan en Villa Dom\u00ednico ante el \u00abpatr\u00f3n\u00bb mientras que las mayores viajar\u00e1n a Entre R\u00edos para jugar sus partidos. El Cl\u00e1sico de Avellaneda ser\u00e1 en la fecha 3 e invertir\u00e1n las local\u00edas con respecto a la Superliga pasada.<\/p>\n<p>Sin m\u00e1s pre\u00e1mbulos, el fixture completo de Independiente en inferiores es el siguiente. Respetamos la local\u00eda cuando las mayores jueguen en Villa Dom\u00ednico:<\/p>\n<p style=\"text-align: justify;\">Fecha 1 vs Patronato (V)<\/p>\n<p style=\"text-align: justify;\">Fecha 2 vs San Mart\u00edn de SJ (L)<\/p>\n<p style=\"text-align: justify;\">Fecha 3 vs Racing (V)<\/p>\n<p style=\"text-align: justify;\">Fecha 4 vs Tigre (L)<\/p>\n<p style=\"text-align: justify;\">Fecha 5 vs Banfield (V)<\/p>\n<p style=\"text-align: justify;\">Fecha 6 vs Estudiantes (L)<\/p>\n<p style=\"text-align: justify;\">Fecha 7 vs Talleres (L)<\/p>\n<p style=\"text-align: justify;\">Fecha 8 vs Uni\u00f3n (V)<\/p>\n<p style=\"text-align: justify;\">Fecha 9 vs San Lorenzo (L)<\/p>\n<p style=\"text-align: justify;\">Fecha 10 vs Atl. Tucum\u00e1n (V)<\/p>\n<p style=\"text-align: justify;\">Fecha 11 vs River (V)<\/p>\n<p style=\"text-align: justify;\">Fecha 12 vs Newell&#8217;s (L)<\/p>\n<p style=\"text-align: justify;\">Fecha 13 vs V\u00e9lez (V)<\/p>\n","protected":false},"excerpt":{"rendered":"<div class=\"mh-excerpt\"><p>La Superliga tambi\u00e9n sac\u00f3 los cruces de las categor\u00edas juveniles del f\u00fatbol argentino e Independiente ya tiene a sus rivales. Adem\u00e1s, sabe cuando ser\u00e1 el Cl\u00e1sico de Avellaneda donde las menores ser\u00e1n locales. El \u00abrojo\u00bb <a class=\"mh-excerpt-more\" href=\"https:\/\/www.masrojo.com.ar\/home\/2018\/07\/30\/el-fixture-de-los-diablitos\/\" title=\"El fixture de los diablitos\">[&#8230;]<\/a><\/p>\n<\/div>","protected":false},"author":2,"featured_media":0,"comment_status":"closed","ping_status":"closed","sticky":false,"template":"","format":"standard","meta":{"_jetpack_memberships_contains_paid_content":false,"footnotes":"","jetpack_publicize_message":"","jetpack_publicize_feature_enabled":true,"jetpack_social_post_already_shared":true,"jetpack_social_options":{"image_generator_settings":{"template":"highway","enabled":false},"version":2}},"categories":[16],"tags":[17,260,32],"class_list":{"0":"post-15571","1":"post","2":"type-post","3":"status-publish","4":"format-standard","6":"category-inferiores","7":"tag-independiente","8":"tag-inferiores","9":"tag-superliga"},"jetpack_publicize_connections":[],"jetpack_sharing_enabled":true,"jetpack_featured_media_url":"","jetpack_shortlink":"https:\/\/wp.me\/p90W9F-439","_links":{"self":[{"href":"https:\/\/www.masrojo.com.ar\/home\/wp-json\/wp\/v2\/posts\/15571"}],"collection":[{"href":"https:\/\/www.masrojo.com.ar\/home\/wp-json\/wp\/v2\/posts"}],"about":[{"href":"https:\/\/www.masrojo.com.ar\/home\/wp-json\/wp\/v2\/types\/post"}],"author":[{"embeddable":true,"href":"https:\/\/www.masrojo.com.ar\/home\/wp-json\/wp\/v2\/users\/2"}],"replies":[{"embeddable":true,"href":"https:\/\/www.masrojo.com.ar\/home\/wp-json\/wp\/v2\/comments?post=15571"}],"version-history":[{"count":0,"href":"https:\/\/www.masrojo.com.ar\/home\/wp-json\/wp\/v2\/posts\/15571\/revisions"}],"wp:attachment":[{"href":"https:\/\/www.masrojo.com.ar\/home\/wp-json\/wp\/v2\/media?parent=15571"}],"wp:term":[{"taxonomy":"category","embeddable":true,"href":"https:\/\/www.masrojo.com.ar\/home\/wp-json\/wp\/v2\/categories?post=15571"},{"taxonomy":"post_tag","embeddable":true,"href":"https:\/\/www.masrojo.com.ar\/home\/wp-json\/wp\/v2\/tags?post=15571"}],"curies":[{"name":"wp","href":"https:\/\/api.w.org\/{rel}","templated":true}]}}