{"id":15582,"date":"2018-07-31T06:51:46","date_gmt":"2018-07-31T09:51:46","guid":{"rendered":"https:\/\/www.masrojo.com.ar\/home\/?p=15582"},"modified":"2018-07-31T06:51:46","modified_gmt":"2018-07-31T09:51:46","slug":"arreglamos-todo-en-dos-dias","status":"publish","type":"post","link":"https:\/\/www.masrojo.com.ar\/home\/2018\/07\/31\/arreglamos-todo-en-dos-dias\/","title":{"rendered":"\u00abArreglamos todo en dos d\u00edas\u00bb"},"content":{"rendered":"<p style=\"text-align: justify;\"><em>El representante de Maxi Meza brind\u00f3 los detalles de la negociaci\u00f3n para la extensi\u00f3n del contrato del jugador con Independiente.<\/em><\/p>\n<p style=\"text-align: justify;\"><em>Sergio Carrio habl\u00f3 en Orgullo Rojo y cont\u00f3 que\u00a0\u00a0<strong>\u201cArreglamos todo en dos d\u00edas y pedimos que firmar\u00e1 antes de viajar a Jap\u00f3n para poder estar tranquilos y Hugo Moyano nos invit\u00f3 a su casa el s\u00e1bado al mediod\u00eda para firmar todo. Estamos felices con la renovaci\u00f3n de Maxi, se hizo todo muy r\u00e1pido\u201d.\u00a0<\/strong><\/em><\/p>\n<p style=\"text-align: justify;\"><em><strong>\u201cEst\u00e1 claro que Independiente ve en Maxi un ser extraordinario, un hombre de palabra y un jugador impresionante y \u00e9l a su vez qued\u00f3 marcado por la ovaci\u00f3n que recibi\u00f3 en el \u00faltimo partido, \u201cLogr\u00e9 un sue\u00f1o\u201d, me dijo despu\u00e9s de ese partido\u201d<\/strong>\u00a0y sum\u00f3 sobre la convocatoria al Mundial de Rusia: \u201cNosotros sab\u00edamos desde antes que se diera a conocer oficialmente que Meza iba a la Selecci\u00f3n, \u00e9l jug\u00f3 esos dos partidos en Independiente dejando todo en cada jugada\u201d.<\/em><\/p>\n<p style=\"text-align: justify;\"><em>Respecto de una futura venta dijo que\u00a0<strong>Hicimos un pacto de caballeros, la oferta deber\u00e1 ser importante para el club y para el jugador para que sea considerada\u201d.<\/strong><\/em><\/p>\n<p style=\"text-align: justify;\"><em>\u201cHubo llamados de Espa\u00f1a, Inglaterra y Alemania, tambi\u00e9n vino Monterrey con una oferta importante por Maxi pero a mi\u00a0<strong>\u00e9l me comunic\u00f3 que si no hab\u00eda nada muy importante de Europa prefer\u00eda seguir en Independiente para buscar la Octava Copa Libertadores<\/strong>, es un animal y se pone ese tipo de objetivos\u201d.<\/em><\/p>\n<p style=\"text-align: justify;\"><em>\u00a0<strong>\u201cLo \u00fanico en lo que piensa Meza ahora es en seguir consiguiendo objetivos con Independiente y el primero de ellos es el 8 de Agosto cuando se juegue la Suruga Bank\u201d, <\/strong>finaliz\u00f3 Carrizo.<\/em><\/p>\n","protected":false},"excerpt":{"rendered":"<div class=\"mh-excerpt\"><p>El representante de Maxi Meza brind\u00f3 los detalles de la negociaci\u00f3n para la extensi\u00f3n del contrato del jugador con Independiente. Sergio Carrio habl\u00f3 en Orgullo Rojo y cont\u00f3 que\u00a0\u00a0\u201cArreglamos todo en dos d\u00edas y pedimos <a class=\"mh-excerpt-more\" href=\"https:\/\/www.masrojo.com.ar\/home\/2018\/07\/31\/arreglamos-todo-en-dos-dias\/\" title=\"\u00abArreglamos todo en dos d\u00edas\u00bb\">[&#8230;]<\/a><\/p>\n<\/div>","protected":false},"author":6,"featured_media":0,"comment_status":"closed","ping_status":"closed","sticky":false,"template":"","format":"image","meta":{"_jetpack_memberships_contains_paid_content":false,"footnotes":"","jetpack_publicize_message":"","jetpack_publicize_feature_enabled":true,"jetpack_social_post_already_shared":true,"jetpack_social_options":{"image_generator_settings":{"template":"highway","enabled":false},"version":2}},"categories":[4],"tags":[],"class_list":{"0":"post-15582","1":"post","2":"type-post","3":"status-publish","4":"format-image","6":"category-actualidad","7":"post_format-post-format-image"},"jetpack_publicize_connections":[],"jetpack_sharing_enabled":true,"jetpack_featured_media_url":"","jetpack_shortlink":"https:\/\/wp.me\/p90W9F-43k","_links":{"self":[{"href":"https:\/\/www.masrojo.com.ar\/home\/wp-json\/wp\/v2\/posts\/15582"}],"collection":[{"href":"https:\/\/www.masrojo.com.ar\/home\/wp-json\/wp\/v2\/posts"}],"about":[{"href":"https:\/\/www.masrojo.com.ar\/home\/wp-json\/wp\/v2\/types\/post"}],"author":[{"embeddable":true,"href":"https:\/\/www.masrojo.com.ar\/home\/wp-json\/wp\/v2\/users\/6"}],"replies":[{"embeddable":true,"href":"https:\/\/www.masrojo.com.ar\/home\/wp-json\/wp\/v2\/comments?post=15582"}],"version-history":[{"count":0,"href":"https:\/\/www.masrojo.com.ar\/home\/wp-json\/wp\/v2\/posts\/15582\/revisions"}],"wp:attachment":[{"href":"https:\/\/www.masrojo.com.ar\/home\/wp-json\/wp\/v2\/media?parent=15582"}],"wp:term":[{"taxonomy":"category","embeddable":true,"href":"https:\/\/www.masrojo.com.ar\/home\/wp-json\/wp\/v2\/categories?post=15582"},{"taxonomy":"post_tag","embeddable":true,"href":"https:\/\/www.masrojo.com.ar\/home\/wp-json\/wp\/v2\/tags?post=15582"}],"curies":[{"name":"wp","href":"https:\/\/api.w.org\/{rel}","templated":true}]}}