{"id":15605,"date":"2018-07-30T21:42:23","date_gmt":"2018-07-31T00:42:23","guid":{"rendered":"https:\/\/www.masrojo.com.ar\/home\/?p=15605"},"modified":"2018-07-31T11:44:02","modified_gmt":"2018-07-31T14:44:02","slug":"cuca-nuevo-tecnico-de-santos","status":"publish","type":"post","link":"https:\/\/www.masrojo.com.ar\/home\/2018\/07\/30\/cuca-nuevo-tecnico-de-santos\/","title":{"rendered":"Cuca, nuevo t\u00e9cnico de Santos"},"content":{"rendered":"<h2 class=\"cont-entradilla-art\" style=\"text-align: justify;\"><em>El entrenador brasile\u00f1o Alexi Stival &#8216;Cuca&#8217; volver\u00e1 a sentarse en el banquillo de Santos despu\u00e9s de diez a\u00f1os. El &#8216;Peixe&#8217; es el rival de Independiente en Copa Libertadores.<\/em><\/h2>\n<p style=\"text-align: justify;\"><em><strong>El entrenador brasile\u00f1o Alexi Stival &#8216;Cuca&#8217; volver\u00e1 a sentarse en el banquillo de Santos despu\u00e9s de diez a\u00f1os<\/strong>, tras la destituci\u00f3n de Jair Ventura, inform\u00f3 este lunes el club de Sao Paulo. Cuca, de 55 a\u00f1os y quien jug\u00f3 en el Santos en 1993, firm\u00f3 un contrato hasta diciembre de 2019, de acuerdo con un comunicado del club paulista.<\/em><\/p>\n<div id=\"gtp_diarioas_19753-INTEXT\" style=\"text-align: justify;\" data-google-query-id=\"CIHCuN2tydwCFYiWyAod-xkAnw\">\n<div id=\"google_ads_iframe_\/7811748\/as_web\/argentina\/futbol\/intext_0__container__\"><em>Con casi dos d\u00e9cadas de experiencia,\u00a0<strong>Cuca llev\u00f3 al Atl\u00e9tico Mineiro a conquistar la Copa Libertadores en 2013<\/strong>, mientras que tres a\u00f1os m\u00e1s tarde, con el Palmeiras, gan\u00f3 el Campeonato Brasile\u00f1o.\u00a0<strong>Antes de llegar a Palmeiras, en 2016, comand\u00f3 el Shandong Luneng chino.<\/strong><\/em><\/div>\n<\/div>\n<div class=\"int-articulo\" style=\"text-align: justify;\">\n<p><em>Con un partido menos se encuentra en el puesto 16 de la clasificaci\u00f3n del Campeonato Brasile\u00f1o, igualado a puntos con el Bah\u00eda, que ya est\u00e1 en zona de descenso.\u00a0<strong>En la Copa Libertadores, Santos se enfrentar\u00e1 a Independiente en los octavos de final.<\/strong><\/em><\/p>\n<\/div>\n<div class=\"cont-art-tags cf\" style=\"text-align: justify;\"><\/div>\n","protected":false},"excerpt":{"rendered":"<div class=\"mh-excerpt\"><p>El entrenador brasile\u00f1o Alexi Stival &#8216;Cuca&#8217; volver\u00e1 a sentarse en el banquillo de Santos despu\u00e9s de diez a\u00f1os. El &#8216;Peixe&#8217; es el rival de Independiente en Copa Libertadores. El entrenador brasile\u00f1o Alexi Stival &#8216;Cuca&#8217; volver\u00e1 <a class=\"mh-excerpt-more\" href=\"https:\/\/www.masrojo.com.ar\/home\/2018\/07\/30\/cuca-nuevo-tecnico-de-santos\/\" title=\"Cuca, nuevo t\u00e9cnico de Santos\">[&#8230;]<\/a><\/p>\n<\/div>","protected":false},"author":6,"featured_media":0,"comment_status":"closed","ping_status":"closed","sticky":false,"template":"","format":"image","meta":{"_jetpack_memberships_contains_paid_content":false,"footnotes":"","jetpack_publicize_message":"","jetpack_publicize_feature_enabled":true,"jetpack_social_post_already_shared":true,"jetpack_social_options":{"image_generator_settings":{"template":"highway","enabled":false},"version":2}},"categories":[4],"tags":[441],"class_list":{"0":"post-15605","1":"post","2":"type-post","3":"status-publish","4":"format-image","6":"category-actualidad","7":"tag-santos","8":"post_format-post-format-image"},"jetpack_publicize_connections":[],"jetpack_sharing_enabled":true,"jetpack_featured_media_url":"","jetpack_shortlink":"https:\/\/wp.me\/p90W9F-43H","_links":{"self":[{"href":"https:\/\/www.masrojo.com.ar\/home\/wp-json\/wp\/v2\/posts\/15605"}],"collection":[{"href":"https:\/\/www.masrojo.com.ar\/home\/wp-json\/wp\/v2\/posts"}],"about":[{"href":"https:\/\/www.masrojo.com.ar\/home\/wp-json\/wp\/v2\/types\/post"}],"author":[{"embeddable":true,"href":"https:\/\/www.masrojo.com.ar\/home\/wp-json\/wp\/v2\/users\/6"}],"replies":[{"embeddable":true,"href":"https:\/\/www.masrojo.com.ar\/home\/wp-json\/wp\/v2\/comments?post=15605"}],"version-history":[{"count":0,"href":"https:\/\/www.masrojo.com.ar\/home\/wp-json\/wp\/v2\/posts\/15605\/revisions"}],"wp:attachment":[{"href":"https:\/\/www.masrojo.com.ar\/home\/wp-json\/wp\/v2\/media?parent=15605"}],"wp:term":[{"taxonomy":"category","embeddable":true,"href":"https:\/\/www.masrojo.com.ar\/home\/wp-json\/wp\/v2\/categories?post=15605"},{"taxonomy":"post_tag","embeddable":true,"href":"https:\/\/www.masrojo.com.ar\/home\/wp-json\/wp\/v2\/tags?post=15605"}],"curies":[{"name":"wp","href":"https:\/\/api.w.org\/{rel}","templated":true}]}}