{"id":15633,"date":"2018-07-31T17:08:40","date_gmt":"2018-07-31T20:08:40","guid":{"rendered":"https:\/\/www.masrojo.com.ar\/home\/?p=15633"},"modified":"2018-07-31T17:08:40","modified_gmt":"2018-07-31T20:08:40","slug":"el-objetivo-es-la-libertadores","status":"publish","type":"post","link":"https:\/\/www.masrojo.com.ar\/home\/2018\/07\/31\/el-objetivo-es-la-libertadores\/","title":{"rendered":"\u00abEl objetivo es la Libertadores\u00bb"},"content":{"rendered":"<p style=\"text-align: justify;\"><em>H\u00e9ctor \u201cYoyo\u201d Maldonado, habl\u00f3 desde Jap\u00f3n a la espera de disputar la Suruga bank el pr\u00f3ximo 8 de agosto.<\/em><\/p>\n<p style=\"text-align: justify;\"><em>En el programa El Mundo F\u00fatbol Club expres\u00f3 que\u00a0\u00a0\u201cLos jugadores est\u00e1n un poco cansados ya que tuvimos un viaje de m\u00e1s de 30 horas. Es importante lograr aclimatarnos r\u00e1pido porque hace mucho calor\u201d. Y agreg\u00f3 respecto a los nuevos jugadores que han llegado:\u00a0<strong>\u201cMuchos de ellos seguramente sean titulares en este partido\u201d.<\/strong><\/em><\/p>\n<p style=\"text-align: justify;\"><em><strong>\u201cEl objetivo es la Copa Libertadores. Intentaremos hacer un buen para estar a la altura de la competencia. Queremos seguir logrando cosas importantes\u201d, <\/strong>afirm\u00f3.<\/em><\/p>\n<p style=\"text-align: justify;\"><em>Sobre la Superliga y el fixture dijo que\u00a0<strong>\u00a0\u201cDestaco que el torneo vamos a viajar mil kil\u00f3metros menos que el campeonato anterior\u201d,<\/strong>\u00a0pero no la dej\u00f3 pasar y agreg\u00f3 que\u00a0\u00a0<strong>\u201cLa suerte es casualidad. River y Boca se mueven bien por el calendario\u201d.<\/strong><\/em><\/p>\n<p style=\"text-align: justify;\"><em>En cuanto al jugador separado dijo que <strong>\u00abAmorebieta se quiere quedar en Buenos Aires. Hay algo medio raro con el representante, ellos exigen 250 mil d\u00f3lares y nosotros no estamos de acuerdo. Pero lo vamos a solucionar\u00bb.<\/strong><\/em><\/p>\n<p style=\"text-align: justify;\"><em>En cuanto al\u00a0el mercado de pases dijo que\u00a0<strong>\u201cDesde Paraguay nos han comunicado que Juan Escobar (Cerro Porte\u00f1o) y Richard S\u00e1nchez (Olimpia) vendr\u00e1n a fin de a\u00f1o\u201d.<\/strong> Y en cuanto a las salidas dijo que<strong>\u00abNo se va a ir ning\u00fan jugador m\u00e1s.\u00bb<\/strong><\/em><\/p>\n<p><iframe loading=\"lazy\" src=\"https:\/\/audiomack.com\/embed\/song\/el-mundo-futbol-club\/31-07-maldonado?color=ff0000\" width=\"100%\" height=\"252\" frameborder=\"0\" scrolling=\"no\"><\/iframe><\/p>\n","protected":false},"excerpt":{"rendered":"<div class=\"mh-excerpt\"><p>H\u00e9ctor \u201cYoyo\u201d Maldonado, habl\u00f3 desde Jap\u00f3n a la espera de disputar la Suruga bank el pr\u00f3ximo 8 de agosto. En el programa El Mundo F\u00fatbol Club expres\u00f3 que\u00a0\u00a0\u201cLos jugadores est\u00e1n un poco cansados ya que <a class=\"mh-excerpt-more\" href=\"https:\/\/www.masrojo.com.ar\/home\/2018\/07\/31\/el-objetivo-es-la-libertadores\/\" title=\"\u00abEl objetivo es la Libertadores\u00bb\">[&#8230;]<\/a><\/p>\n<\/div>","protected":false},"author":6,"featured_media":403,"comment_status":"closed","ping_status":"closed","sticky":false,"template":"","format":"audio","meta":{"_jetpack_memberships_contains_paid_content":false,"footnotes":"","jetpack_publicize_message":"","jetpack_publicize_feature_enabled":true,"jetpack_social_post_already_shared":true,"jetpack_social_options":{"image_generator_settings":{"template":"highway","enabled":false},"version":2}},"categories":[4],"tags":[],"class_list":{"0":"post-15633","1":"post","2":"type-post","3":"status-publish","4":"format-audio","5":"has-post-thumbnail","7":"category-actualidad","8":"post_format-post-format-audio"},"jetpack_publicize_connections":[],"jetpack_sharing_enabled":true,"jetpack_featured_media_url":"https:\/\/i0.wp.com\/www.masrojo.com.ar\/home\/wp-content\/uploads\/2017\/07\/YOYO1-e1440626460490.jpg?fit=1512%2C704&ssl=1","jetpack_shortlink":"https:\/\/wp.me\/p90W9F-449","_links":{"self":[{"href":"https:\/\/www.masrojo.com.ar\/home\/wp-json\/wp\/v2\/posts\/15633"}],"collection":[{"href":"https:\/\/www.masrojo.com.ar\/home\/wp-json\/wp\/v2\/posts"}],"about":[{"href":"https:\/\/www.masrojo.com.ar\/home\/wp-json\/wp\/v2\/types\/post"}],"author":[{"embeddable":true,"href":"https:\/\/www.masrojo.com.ar\/home\/wp-json\/wp\/v2\/users\/6"}],"replies":[{"embeddable":true,"href":"https:\/\/www.masrojo.com.ar\/home\/wp-json\/wp\/v2\/comments?post=15633"}],"version-history":[{"count":0,"href":"https:\/\/www.masrojo.com.ar\/home\/wp-json\/wp\/v2\/posts\/15633\/revisions"}],"wp:featuredmedia":[{"embeddable":true,"href":"https:\/\/www.masrojo.com.ar\/home\/wp-json\/wp\/v2\/media\/403"}],"wp:attachment":[{"href":"https:\/\/www.masrojo.com.ar\/home\/wp-json\/wp\/v2\/media?parent=15633"}],"wp:term":[{"taxonomy":"category","embeddable":true,"href":"https:\/\/www.masrojo.com.ar\/home\/wp-json\/wp\/v2\/categories?post=15633"},{"taxonomy":"post_tag","embeddable":true,"href":"https:\/\/www.masrojo.com.ar\/home\/wp-json\/wp\/v2\/tags?post=15633"}],"curies":[{"name":"wp","href":"https:\/\/api.w.org\/{rel}","templated":true}]}}