{"id":15648,"date":"2018-07-31T23:38:48","date_gmt":"2018-08-01T02:38:48","guid":{"rendered":"https:\/\/www.masrojo.com.ar\/home\/?p=15648"},"modified":"2018-07-31T23:38:48","modified_gmt":"2018-08-01T02:38:48","slug":"las-primeras-fechas-y-horarios-de-superliga","status":"publish","type":"post","link":"https:\/\/www.masrojo.com.ar\/home\/2018\/07\/31\/las-primeras-fechas-y-horarios-de-superliga\/","title":{"rendered":"Las primeras fechas y horarios de Superliga"},"content":{"rendered":"<p>Se dieron a conocer los horarios para las primeras fechas de la Superliga.<\/p>\n<p>&nbsp;<\/p>\n<p>Por estar en Jap\u00f3n por la Suruga, Independiente posterga la primera fecha.<\/p>\n<p>&nbsp;<\/p>\n<p>As\u00ed ser\u00e1n los horarios de las siguientes 3 fechas.<\/p>\n<p>Superliga<\/p>\n<p>Fixture Independiente<\/p>\n<p>Fecha 1:<\/p>\n<p>Independiente\u00a0 San Mart\u00edn (Tuc)<\/p>\n<p>postergada<\/p>\n<p>Fecha 2:<\/p>\n<p>Newell&#8217;s &#8211; Independiente<\/p>\n<p>Viernes 17\/8 21 hs<\/p>\n<p>&nbsp;<\/p>\n<p>Fecha 3:<\/p>\n<p>Independiente -Defesna y Justicia<\/p>\n<p>Viernes 24\/8 21 hs<\/p>\n<p>&nbsp;<\/p>\n<p>Fecha 4:<\/p>\n<p>Estudiantes &#8211; Independiente<\/p>\n<p>Domingl 2\/9\u00a0 13.15 hs<\/p>\n<p>&nbsp;<\/p>\n","protected":false},"excerpt":{"rendered":"<div class=\"mh-excerpt\"><p>Se dieron a conocer los horarios para las primeras fechas de la Superliga. &nbsp; Por estar en Jap\u00f3n por la Suruga, Independiente posterga la primera fecha. &nbsp; As\u00ed ser\u00e1n los horarios de las siguientes 3 <a class=\"mh-excerpt-more\" href=\"https:\/\/www.masrojo.com.ar\/home\/2018\/07\/31\/las-primeras-fechas-y-horarios-de-superliga\/\" title=\"Las primeras fechas y horarios de Superliga\">[&#8230;]<\/a><\/p>\n<\/div>","protected":false},"author":6,"featured_media":0,"comment_status":"closed","ping_status":"closed","sticky":false,"template":"","format":"image","meta":{"_jetpack_memberships_contains_paid_content":false,"footnotes":"","jetpack_publicize_message":"","jetpack_publicize_feature_enabled":true,"jetpack_social_post_already_shared":true,"jetpack_social_options":{"image_generator_settings":{"template":"highway","enabled":false},"version":2}},"categories":[4],"tags":[],"class_list":{"0":"post-15648","1":"post","2":"type-post","3":"status-publish","4":"format-image","6":"category-actualidad","7":"post_format-post-format-image"},"jetpack_publicize_connections":[],"jetpack_sharing_enabled":true,"jetpack_featured_media_url":"","jetpack_shortlink":"https:\/\/wp.me\/p90W9F-44o","_links":{"self":[{"href":"https:\/\/www.masrojo.com.ar\/home\/wp-json\/wp\/v2\/posts\/15648"}],"collection":[{"href":"https:\/\/www.masrojo.com.ar\/home\/wp-json\/wp\/v2\/posts"}],"about":[{"href":"https:\/\/www.masrojo.com.ar\/home\/wp-json\/wp\/v2\/types\/post"}],"author":[{"embeddable":true,"href":"https:\/\/www.masrojo.com.ar\/home\/wp-json\/wp\/v2\/users\/6"}],"replies":[{"embeddable":true,"href":"https:\/\/www.masrojo.com.ar\/home\/wp-json\/wp\/v2\/comments?post=15648"}],"version-history":[{"count":0,"href":"https:\/\/www.masrojo.com.ar\/home\/wp-json\/wp\/v2\/posts\/15648\/revisions"}],"wp:attachment":[{"href":"https:\/\/www.masrojo.com.ar\/home\/wp-json\/wp\/v2\/media?parent=15648"}],"wp:term":[{"taxonomy":"category","embeddable":true,"href":"https:\/\/www.masrojo.com.ar\/home\/wp-json\/wp\/v2\/categories?post=15648"},{"taxonomy":"post_tag","embeddable":true,"href":"https:\/\/www.masrojo.com.ar\/home\/wp-json\/wp\/v2\/tags?post=15648"}],"curies":[{"name":"wp","href":"https:\/\/api.w.org\/{rel}","templated":true}]}}