{"id":1581,"date":"2017-09-17T00:26:10","date_gmt":"2017-09-17T03:26:10","guid":{"rendered":"https:\/\/www.masrojo.com.ar\/home\/?p=1581"},"modified":"2017-09-17T00:27:50","modified_gmt":"2017-09-17T03:27:50","slug":"preocupa-la-lesion-de-bustos","status":"publish","type":"post","link":"https:\/\/www.masrojo.com.ar\/home\/2017\/09\/17\/preocupa-la-lesion-de-bustos\/","title":{"rendered":"Preocupa la lesi\u00f3n de Bustos"},"content":{"rendered":"<p style=\"text-align: justify;\">Fabricio Bustos entr\u00f3 en el segundo tiempo y tuvo un duelo particular con Lautaro Acosta, en el ida y vuelta marcando al delantero del granate pro tambi\u00e9n atancando.<\/p>\n<p style=\"text-align: justify;\">Tuvieron varios cruces pero en el \u00faltimo el defensor del Rojo qued\u00f3 mal y tuvo que salir y estar afuera por varios minutos. La preocupaci\u00f3n es que\u00a0tiene una lesi\u00f3n muscular. Se habla de contractura o desgarro. Se har\u00e1n estudios.<\/p>\n<p style=\"text-align: justify;\">El parte m\u00e9dico preliminar dice que padece una contractura muscular\u00a0en la cara posterior del muslo derecho.<\/p>\n<p style=\"text-align: justify;\">El otro golpeado es Alan Franco qui\u00e9n tuvo un choque en el partido y padece un contractura cervical.<\/p>\n<p>&nbsp;<\/p>\n","protected":false},"excerpt":{"rendered":"<div class=\"mh-excerpt\"><p>Fabricio Bustos entr\u00f3 en el segundo tiempo y tuvo un duelo particular con Lautaro Acosta, en el ida y vuelta marcando al delantero del granate pro tambi\u00e9n atancando. Tuvieron varios cruces pero en el \u00faltimo <a class=\"mh-excerpt-more\" href=\"https:\/\/www.masrojo.com.ar\/home\/2017\/09\/17\/preocupa-la-lesion-de-bustos\/\" title=\"Preocupa la lesi\u00f3n de Bustos\">[&#8230;]<\/a><\/p>\n<\/div>","protected":false},"author":2,"featured_media":0,"comment_status":"open","ping_status":"open","sticky":false,"template":"","format":"image","meta":{"_jetpack_memberships_contains_paid_content":false,"footnotes":"","jetpack_publicize_message":"","jetpack_publicize_feature_enabled":true,"jetpack_social_post_already_shared":false,"jetpack_social_options":{"image_generator_settings":{"template":"highway","enabled":false},"version":2}},"categories":[4],"tags":[],"class_list":{"0":"post-1581","1":"post","2":"type-post","3":"status-publish","4":"format-image","6":"category-actualidad","7":"post_format-post-format-image"},"jetpack_publicize_connections":[],"jetpack_sharing_enabled":true,"jetpack_featured_media_url":"","jetpack_shortlink":"https:\/\/wp.me\/p90W9F-pv","_links":{"self":[{"href":"https:\/\/www.masrojo.com.ar\/home\/wp-json\/wp\/v2\/posts\/1581"}],"collection":[{"href":"https:\/\/www.masrojo.com.ar\/home\/wp-json\/wp\/v2\/posts"}],"about":[{"href":"https:\/\/www.masrojo.com.ar\/home\/wp-json\/wp\/v2\/types\/post"}],"author":[{"embeddable":true,"href":"https:\/\/www.masrojo.com.ar\/home\/wp-json\/wp\/v2\/users\/2"}],"replies":[{"embeddable":true,"href":"https:\/\/www.masrojo.com.ar\/home\/wp-json\/wp\/v2\/comments?post=1581"}],"version-history":[{"count":0,"href":"https:\/\/www.masrojo.com.ar\/home\/wp-json\/wp\/v2\/posts\/1581\/revisions"}],"wp:attachment":[{"href":"https:\/\/www.masrojo.com.ar\/home\/wp-json\/wp\/v2\/media?parent=1581"}],"wp:term":[{"taxonomy":"category","embeddable":true,"href":"https:\/\/www.masrojo.com.ar\/home\/wp-json\/wp\/v2\/categories?post=1581"},{"taxonomy":"post_tag","embeddable":true,"href":"https:\/\/www.masrojo.com.ar\/home\/wp-json\/wp\/v2\/tags?post=1581"}],"curies":[{"name":"wp","href":"https:\/\/api.w.org\/{rel}","templated":true}]}}