{"id":16851,"date":"2018-08-22T09:11:48","date_gmt":"2018-08-22T12:11:48","guid":{"rendered":"https:\/\/www.masrojo.com.ar\/home\/?p=16851"},"modified":"2018-08-22T09:11:48","modified_gmt":"2018-08-22T12:11:48","slug":"no-pudo","status":"publish","type":"post","link":"https:\/\/www.masrojo.com.ar\/home\/2018\/08\/22\/no-pudo\/","title":{"rendered":"NO PUDO"},"content":{"rendered":"<p style=\"text-align: justify;\">Independiente lo busc\u00f3 desde principio a fin pero no pudo con el Santos de Brasil en el primer cruce de octavos de final de Copa Libertadores que se disput\u00f3 en Avellaneda.<\/p>\n<p style=\"text-align: justify;\">El equipo brasile\u00f1o le hizo un inc\u00f3modo planteo a los dirigidos por\u00a0<strong>Ariel Holan<\/strong>, que no pudieron desplegar el juego que acostumbra a mostrar cada vez que juega ante su gente.<\/p>\n<p style=\"text-align: justify;\">Los argentinos terminaron jugando con un hombre de m\u00e1s por la expulsi\u00f3n de\u00a0Dod\u00f3, que vio la doble amarilla tras una violenta falta ante el tucumano\u00a0Pablo Hern\u00e1ndez.<\/p>\n<p style=\"text-align: justify;\">En el primer tiempo Independiente lo busc\u00f3 pero sin profundidad, Hern\u00e1ndez jug\u00f3 como distribuidor pero quedaba lejos de Brian Romero y Gigliotti. Burdisso tuvo un cabezazo y un remate desde afuera. mientras Santos defend\u00eda y pegaba.<\/p>\n<p style=\"text-align: justify;\">En el complemento el equipo de Holan fue m\u00e1s agresivo pero tambi\u00e9n m\u00e1s desordenado. Cambi\u00f3 las puntas de Cerutti y Romero de un lado al otro, pero no era profundo. En el banco tampoco estaban las soluciones: Holan no quiso poner a Gaibor por la reprobaci\u00f3n y l\u00f1a primer carta fue Ver\u00f3n, que estaba con el bolso para irse a Estudiantes, entrando tarde. Y la segunda fue poner a Pizzini, que no juega hace casi un a\u00f1o para dejar afuera a Molina, el pibe de 1.90 de la reserva, que hubiera sido, por lo menos, una variante m\u00e1s en el \u00e1rea del Santos.<\/p>\n<p style=\"text-align: justify;\">La m\u00e1s clara la tuvo el Puma Gigliotti tras centro y bajada de cabeza de Cerutti que el Puma la tir\u00f3 por arriba en el \u00e1rea chica.<\/p>\n<p style=\"text-align: justify;\">A pesar de la diferencia num\u00e9rica, Independiente no pudo vulnerar la fuerte defensa del equipo de San Pablo, que adem\u00e1s cont\u00f3 con su arquero Vanderlei como figura del encuentro, figura porque se la pas\u00f3 tir\u00e1ndose al piso en el segundo tiempo.<\/p>\n<p style=\"text-align: justify;\">La revancha se disputar\u00e1 el pr\u00f3ximo martes a las 19.30 en el estadio Urbano Caldeira. El \u00abRojo\u00bb necesitar\u00e1 marcar para meterse en los cuartos de final del torneo continental m\u00e1s importante a nivel clubes. Y \u00e9ste equipo puede, de visitante le ha ido mejor que de local. La llave est\u00e1 abierta.<\/p>\n","protected":false},"excerpt":{"rendered":"<div class=\"mh-excerpt\"><p>Independiente lo busc\u00f3 desde principio a fin pero no pudo con el Santos de Brasil en el primer cruce de octavos de final de Copa Libertadores que se disput\u00f3 en Avellaneda. El equipo brasile\u00f1o le <a class=\"mh-excerpt-more\" href=\"https:\/\/www.masrojo.com.ar\/home\/2018\/08\/22\/no-pudo\/\" title=\"NO PUDO\">[&#8230;]<\/a><\/p>\n<\/div>","protected":false},"author":6,"featured_media":0,"comment_status":"closed","ping_status":"closed","sticky":false,"template":"","format":"image","meta":{"_jetpack_memberships_contains_paid_content":false,"footnotes":"","jetpack_publicize_message":"","jetpack_publicize_feature_enabled":true,"jetpack_social_post_already_shared":true,"jetpack_social_options":{"image_generator_settings":{"template":"highway","enabled":false},"version":2}},"categories":[4],"tags":[],"class_list":{"0":"post-16851","1":"post","2":"type-post","3":"status-publish","4":"format-image","6":"category-actualidad","7":"post_format-post-format-image"},"jetpack_publicize_connections":[],"jetpack_sharing_enabled":true,"jetpack_featured_media_url":"","jetpack_shortlink":"https:\/\/wp.me\/p90W9F-4nN","_links":{"self":[{"href":"https:\/\/www.masrojo.com.ar\/home\/wp-json\/wp\/v2\/posts\/16851"}],"collection":[{"href":"https:\/\/www.masrojo.com.ar\/home\/wp-json\/wp\/v2\/posts"}],"about":[{"href":"https:\/\/www.masrojo.com.ar\/home\/wp-json\/wp\/v2\/types\/post"}],"author":[{"embeddable":true,"href":"https:\/\/www.masrojo.com.ar\/home\/wp-json\/wp\/v2\/users\/6"}],"replies":[{"embeddable":true,"href":"https:\/\/www.masrojo.com.ar\/home\/wp-json\/wp\/v2\/comments?post=16851"}],"version-history":[{"count":0,"href":"https:\/\/www.masrojo.com.ar\/home\/wp-json\/wp\/v2\/posts\/16851\/revisions"}],"wp:attachment":[{"href":"https:\/\/www.masrojo.com.ar\/home\/wp-json\/wp\/v2\/media?parent=16851"}],"wp:term":[{"taxonomy":"category","embeddable":true,"href":"https:\/\/www.masrojo.com.ar\/home\/wp-json\/wp\/v2\/categories?post=16851"},{"taxonomy":"post_tag","embeddable":true,"href":"https:\/\/www.masrojo.com.ar\/home\/wp-json\/wp\/v2\/tags?post=16851"}],"curies":[{"name":"wp","href":"https:\/\/api.w.org\/{rel}","templated":true}]}}