{"id":1686,"date":"2017-09-25T23:48:13","date_gmt":"2017-09-26T02:48:13","guid":{"rendered":"https:\/\/www.masrojo.com.ar\/home\/?p=1686"},"modified":"2017-09-25T23:48:13","modified_gmt":"2017-09-26T02:48:13","slug":"el-no-comunicado","status":"publish","type":"post","link":"https:\/\/www.masrojo.com.ar\/home\/2017\/09\/25\/el-no-comunicado\/","title":{"rendered":"EL NO COMUNICADO"},"content":{"rendered":"<p class=\"capital\" style=\"text-align: justify;\">Las palabras de Ariel Holan despu\u00e9s de la derrota frente a Godoy Cruz se hicieron eco en la dirigencia de Independiente, que decidi\u00f3 sacar un comunicado enumerando varios hechos en los que el Rojo fue perjudicado. El texto fue publicado en su sitio oficial, aunque minutos despu\u00e9s fue eliminado el posteo. Pero en 2017, todo tiene su captura\u2026<\/p>\n<div id=\"eplAdDivInline_Video\" style=\"text-align: justify;\"><\/div>\n<p style=\"text-align: justify;\"><strong>EL COMUNICADO<\/strong><\/p>\n<p style=\"text-align: justify;\"><strong><em>\u00abC\u00f3digo penal (en contra)\u00bb<\/em><\/strong><\/p>\n<p style=\"text-align: justify;\"><em>\u00abSi existiera en el VAR el f\u00fatbol argentino habr\u00eda una ilimitada cantidad de penales sancionados, detenciones de partido y b\u00fasqueda incesante de la implementaci\u00f3n de justicia. La falta que Patricio Loustau observ\u00f3 cambi\u00f3 todo el escenario del partido y propios jugadores de Godoy Cruz reconocieron sorprenderse por la decisi\u00f3n del colegiado. No es la primera vez que Independiente sufre estas circunstancias donde supuestas avivadas de los delanteros provocan los errores de los defensores. S\u00e1nchez Mi\u00f1o forceje\u00f3 en el \u00e1rea con jugadores rivales en situaciones simples y cotidianas. Se tocan, se tantean, se miden, se producen ca\u00eddas aparatosas y la situaci\u00f3n se torna irrespirable cuando Loustau se agacha y sanciona la pena m\u00e1xima. En cambio, no se reprocha la falta de Campa\u00f1a a Lautaro Acosta con un Independiente jugado y luego el consabido tanto de Lan\u00fas. Con dignidad y dolor, no hubo reproches por la jugada que fue bisagra del partido\u00bb.<\/em><\/p>\n<p style=\"text-align: justify;\"><em>\u00abPero pocos d\u00edas antes, el \u00e1rbitro Cunha vio mano de Moreira cuando fue Sbuttoni el que la toc\u00f3 y otra vez la injusticia le dio una chachetada a Independiente. Tan culpable se sinti\u00f3 el uruguayo, el \u00e1rbitro por supuesto, que ni bien invadi\u00f3 un compa\u00f1ero de Luis Rodr\u00edguez orden\u00f3 su repetici\u00f3n, y a partir de ah\u00ed, la figura de Campa\u00f1a pudo enmendar el error del juez. En ese partido, Cunha dio penal a Independiente por infracci\u00f3n a Bustos, pero no se anim\u00f3 a cobrar el que le hicieron a Ben\u00edtez, compensando extra\u00f1amente con corner esa jugada de ataque\u00bb.<\/em><\/p>\n<p style=\"text-align: justify;\"><em>\u00abNo hace mucho tiempo Bali\u00f1o se trag\u00f3 el silbato cuando Dubarbier hizo una toma de catch a Giglioti y se mor\u00eda el partido. Ni hablar de la patada de Gast\u00f3n D\u00edaz a Barco en el cl\u00e1sico que el Rojo gan\u00f3 2 a 0. Abal no aval\u00f3 la evidencia y dej\u00f3 las cosas como estaban. Y en Santa Fe, otra vez Barco de protagonista y en pleno contragolpe Mauro Pitt\u00f3n, de Uni\u00f3n, le tir\u00f3 la carrocer\u00eda encima pero Echenique lo ignor\u00f3 plenamente. Para rematarla, el \u00e1rbitro amonest\u00f3 al juvenil en el segundo tiempo por &#8216;simular&#8217; luego de que Castro lo derrib\u00f3 en forma grosera\u00bb.<\/em><\/p>\n<p style=\"text-align: justify;\"><em>\u00abY la historia ser\u00eda muy larga e incontable pero en el trienio fat\u00eddico de nuestras vidas, el muy observado en los Mundiales, N\u00e9stor Pitana, no cobr\u00f3 una mano de Cirigliano en el cl\u00e1sico que finaliz\u00f3 igualado ante River\u00bb.<\/em><\/p>\n<p style=\"text-align: justify;\"><em>\u00abAntes o despu\u00e9s, a favor o en contra, hay una sola realidad y duele, los fallos arbitrales parecen ensa\u00f1arse con Independiente. En 2017, salvo contad\u00edsimas excepciones, el rigor de una falta mal sancionada o no cobrada, impact\u00f3 duramente en Independiente. A levantarse y rogar que los \u00e1rbitros se equivoquen menos en el futuro\u00bb.<\/em><\/p>\n","protected":false},"excerpt":{"rendered":"<div class=\"mh-excerpt\"><p>Las palabras de Ariel Holan despu\u00e9s de la derrota frente a Godoy Cruz se hicieron eco en la dirigencia de Independiente, que decidi\u00f3 sacar un comunicado enumerando varios hechos en los que el Rojo fue <a class=\"mh-excerpt-more\" href=\"https:\/\/www.masrojo.com.ar\/home\/2017\/09\/25\/el-no-comunicado\/\" title=\"EL NO COMUNICADO\">[&#8230;]<\/a><\/p>\n<\/div>","protected":false},"author":2,"featured_media":0,"comment_status":"open","ping_status":"open","sticky":false,"template":"","format":"image","meta":{"_jetpack_memberships_contains_paid_content":false,"footnotes":"","jetpack_publicize_message":"","jetpack_publicize_feature_enabled":true,"jetpack_social_post_already_shared":false,"jetpack_social_options":{"image_generator_settings":{"template":"highway","enabled":false},"version":2}},"categories":[4],"tags":[],"class_list":{"0":"post-1686","1":"post","2":"type-post","3":"status-publish","4":"format-image","6":"category-actualidad","7":"post_format-post-format-image"},"jetpack_publicize_connections":[],"jetpack_sharing_enabled":true,"jetpack_featured_media_url":"","jetpack_shortlink":"https:\/\/wp.me\/p90W9F-rc","_links":{"self":[{"href":"https:\/\/www.masrojo.com.ar\/home\/wp-json\/wp\/v2\/posts\/1686"}],"collection":[{"href":"https:\/\/www.masrojo.com.ar\/home\/wp-json\/wp\/v2\/posts"}],"about":[{"href":"https:\/\/www.masrojo.com.ar\/home\/wp-json\/wp\/v2\/types\/post"}],"author":[{"embeddable":true,"href":"https:\/\/www.masrojo.com.ar\/home\/wp-json\/wp\/v2\/users\/2"}],"replies":[{"embeddable":true,"href":"https:\/\/www.masrojo.com.ar\/home\/wp-json\/wp\/v2\/comments?post=1686"}],"version-history":[{"count":0,"href":"https:\/\/www.masrojo.com.ar\/home\/wp-json\/wp\/v2\/posts\/1686\/revisions"}],"wp:attachment":[{"href":"https:\/\/www.masrojo.com.ar\/home\/wp-json\/wp\/v2\/media?parent=1686"}],"wp:term":[{"taxonomy":"category","embeddable":true,"href":"https:\/\/www.masrojo.com.ar\/home\/wp-json\/wp\/v2\/categories?post=1686"},{"taxonomy":"post_tag","embeddable":true,"href":"https:\/\/www.masrojo.com.ar\/home\/wp-json\/wp\/v2\/tags?post=1686"}],"curies":[{"name":"wp","href":"https:\/\/api.w.org\/{rel}","templated":true}]}}