{"id":16877,"date":"2018-08-22T09:32:03","date_gmt":"2018-08-22T12:32:03","guid":{"rendered":"https:\/\/www.masrojo.com.ar\/home\/?p=16877"},"modified":"2018-08-22T09:32:15","modified_gmt":"2018-08-22T12:32:15","slug":"la-roja-a-sanchez-que-puede-avalar-el-reclamo","status":"publish","type":"post","link":"https:\/\/www.masrojo.com.ar\/home\/2018\/08\/22\/la-roja-a-sanchez-que-puede-avalar-el-reclamo\/","title":{"rendered":"La roja a S\u00e1nchez que puede avalar el reclamo"},"content":{"rendered":"<div class=\"articleTop\">\n<h2 class=\"bajada\" style=\"text-align: justify;\">El uruguayo fue expulsado en la semifinal de la Copa Sudamericana 2015 entre River y Hurac\u00e1n en el Duc\u00f3. Tras ese partido, no volvi\u00f3 a participar de un certamen de Conmebol y por eso nunca purg\u00f3 su sanci\u00f3n.<\/h2>\n<\/div>\n<div class=\"articleMedia\" style=\"text-align: center;\">\n<div id=\"genoa_player_id_20035\" class=\"embed-container\"><\/div>\n<\/div>\n<p style=\"text-align: center;\"><iframe loading=\"lazy\" src=\"https:\/\/api.vodgc.net\/player\/v2\/embed\/playerId\/HAOD091501186779\/contentId\/626783\" width=\"650\" height=\"390\" frameborder=\"0\" scrolling=\"no\" allowfullscreen=\"allowfullscreen\"><\/iframe><\/p>\n<p style=\"text-align: justify;\">26 de noviembre de 2015, Carlos S\u00e1nchez vio la tarjeta roja cuando se consumaba la eliminaci\u00f3n de River de la Copa Sudamericana a manos de Hurac\u00e1n en las semifinales. En tiempo de descuento, el \u00e1rbitro brasile\u00f1o lo expuls\u00f3 por agredir a un alcanzapelotas y la sanci\u00f3n qued\u00f3 en suspenso.<\/p>\n<p>Es que tras ese encuentro, el uruguayo sigui\u00f3 en N\u00fa\u00f1ez hasta fin de a\u00f1o y luego parti\u00f3 rumbo a M\u00e9xico para sumarse a Monterrey. Desde entonces, no volvi\u00f3 a jugar un encuentro oficial de Conmebol (Rayados pertenece a la Concacaf y no jug\u00f3 Libertadores en ese lapso), aunque s\u00ed lo hizo en un certamen FIFA, como el Mundial de Clubes.<\/p>\n<p>En Jap\u00f3n fue titular en ambos encuentros disputados por el Millonario: ante Sanfrecce Hiroshima en semis y frente a Barcelona en la final, pero la circular de la FIFA n\u00famero 8 del 26 de octubre de 2015, en su punto II de &#8216;Amonestaciones y Expulsiones&#8217;, deja en claro que no existir\u00e1 traslado de suspensiones de cualquier torneo internacional (l\u00e9ase Sudamericana, Libertadores, Champions League, etc\u00e9tera) al Mundial de Clubes.<\/p>\n<p>Por ende, el volante nunca purg\u00f3 esa sanci\u00f3n y ni los directivos de Santos ni el propio jugador se percataron de esta situaci\u00f3n. Lo \u00fanico que podr\u00eda salvar al Peixe es que la suspensi\u00f3n haya prescribido (aunque la Conmebol concibe que las penas prescriben en seis a\u00f1os) o que S\u00e1nchez haya entrado en la reducci\u00f3n de penas general que hizo la Conmebol en 2016, los argumentos que siguen vigentes para los paulistas.<\/p>\n","protected":false},"excerpt":{"rendered":"<div class=\"mh-excerpt\"><p>El uruguayo fue expulsado en la semifinal de la Copa Sudamericana 2015 entre River y Hurac\u00e1n en el Duc\u00f3. Tras ese partido, no volvi\u00f3 a participar de un certamen de Conmebol y por eso nunca <a class=\"mh-excerpt-more\" href=\"https:\/\/www.masrojo.com.ar\/home\/2018\/08\/22\/la-roja-a-sanchez-que-puede-avalar-el-reclamo\/\" title=\"La roja a S\u00e1nchez que puede avalar el reclamo\">[&#8230;]<\/a><\/p>\n<\/div>","protected":false},"author":6,"featured_media":0,"comment_status":"closed","ping_status":"closed","sticky":false,"template":"","format":"video","meta":{"_jetpack_memberships_contains_paid_content":false,"footnotes":"","jetpack_publicize_message":"","jetpack_publicize_feature_enabled":true,"jetpack_social_post_already_shared":true,"jetpack_social_options":{"image_generator_settings":{"template":"highway","enabled":false},"version":2}},"categories":[4],"tags":[],"class_list":{"0":"post-16877","1":"post","2":"type-post","3":"status-publish","4":"format-video","6":"category-actualidad","7":"post_format-post-format-video"},"jetpack_publicize_connections":[],"jetpack_sharing_enabled":true,"jetpack_featured_media_url":"","jetpack_shortlink":"https:\/\/wp.me\/p90W9F-4od","_links":{"self":[{"href":"https:\/\/www.masrojo.com.ar\/home\/wp-json\/wp\/v2\/posts\/16877"}],"collection":[{"href":"https:\/\/www.masrojo.com.ar\/home\/wp-json\/wp\/v2\/posts"}],"about":[{"href":"https:\/\/www.masrojo.com.ar\/home\/wp-json\/wp\/v2\/types\/post"}],"author":[{"embeddable":true,"href":"https:\/\/www.masrojo.com.ar\/home\/wp-json\/wp\/v2\/users\/6"}],"replies":[{"embeddable":true,"href":"https:\/\/www.masrojo.com.ar\/home\/wp-json\/wp\/v2\/comments?post=16877"}],"version-history":[{"count":0,"href":"https:\/\/www.masrojo.com.ar\/home\/wp-json\/wp\/v2\/posts\/16877\/revisions"}],"wp:attachment":[{"href":"https:\/\/www.masrojo.com.ar\/home\/wp-json\/wp\/v2\/media?parent=16877"}],"wp:term":[{"taxonomy":"category","embeddable":true,"href":"https:\/\/www.masrojo.com.ar\/home\/wp-json\/wp\/v2\/categories?post=16877"},{"taxonomy":"post_tag","embeddable":true,"href":"https:\/\/www.masrojo.com.ar\/home\/wp-json\/wp\/v2\/tags?post=16877"}],"curies":[{"name":"wp","href":"https:\/\/api.w.org\/{rel}","templated":true}]}}