{"id":16895,"date":"2018-08-22T16:10:38","date_gmt":"2018-08-22T19:10:38","guid":{"rendered":"https:\/\/www.masrojo.com.ar\/home\/?p=16895"},"modified":"2018-08-22T16:10:38","modified_gmt":"2018-08-22T19:10:38","slug":"pablo-moyano-vamos-a-reclamar-el-partido","status":"publish","type":"post","link":"https:\/\/www.masrojo.com.ar\/home\/2018\/08\/22\/pablo-moyano-vamos-a-reclamar-el-partido\/","title":{"rendered":"Pablo Moyano: \u00abVamos a reclamar el partido\u00bb"},"content":{"rendered":"<p style=\"text-align: justify;\"><em>Pablo Moyano, Vicepresidente de Independiente, confirm\u00f3 que el club ya sabe que CONMEBOL actu\u00f3 de oficio.<\/em><\/p>\n<p style=\"text-align: justify;\"><em>\u201cReci\u00e9n nos llega la notificaci\u00f3n del tribunal de disciplina donde CONMEBOL notifica el 19 del 12 de de 2015 a River la suspensi\u00f3n por 3 fechas al jugar Carlos S\u00e1nchez\u201d , asegur\u00f3 Moyano sobre las pruebas que tiene el club, y agreg\u00f3: \u201cCreo que con eso esta autom\u00e1ticamente demostrado que estuvo mal incluido\u201d. dijo el dirigente en 90 minutos por Fox Sports<\/em><\/p>\n<p style=\"text-align: justify;\"><em>\u00abEn estos momentos estoy con el secretario general y el presidente ya vamos a mandar la nota reclamando el partido de anoche por la mala inclusi\u00f3n de S\u00e1nchez. Esto es como lo que hizo San Lorenzo o como lo hubiera hecho santos si Independiente hubiera incluido a un jugador suspendido\u201d, manifest\u00f3 y agreg\u00f3: \u201cSi hubiera sido al rev\u00e9s hoy nos est\u00e1n crucificando al los dirigentes de Independiente\u201d.<\/em><\/p>\n<blockquote class=\"twitter-tweet\" data-lang=\"es\">\n<p dir=\"ltr\" lang=\"es\">\u00abNOS LLEG\u00d3 LA NOTIFICACI\u00d3N DE LA SUSPENSI\u00d3N DE TRES PARTIDOS\u00bb<a href=\"https:\/\/twitter.com\/hashtag\/90MinutosFOX?src=hash&amp;ref_src=twsrc%5Etfw\">#90MinutosFOX<\/a> &#8211; Pablo Moyano, Vicepresidente de Independiente, confirm\u00f3 que el club ya sabe que CONMEBOL actu\u00f3 de oficio. <a href=\"https:\/\/t.co\/ti4fB478rw\">pic.twitter.com\/ti4fB478rw<\/a><\/p>\n<p>\u2014 FOX Sports Argentina (@FOXSportsArg) <a href=\"https:\/\/twitter.com\/FOXSportsArg\/status\/1032310251729637377?ref_src=twsrc%5Etfw\">22 de agosto de 2018<\/a><\/p><\/blockquote>\n<p><script async src=\"https:\/\/platform.twitter.com\/widgets.js\" charset=\"utf-8\"><\/script><\/p>\n","protected":false},"excerpt":{"rendered":"<div class=\"mh-excerpt\"><p>Pablo Moyano, Vicepresidente de Independiente, confirm\u00f3 que el club ya sabe que CONMEBOL actu\u00f3 de oficio. \u201cReci\u00e9n nos llega la notificaci\u00f3n del tribunal de disciplina donde CONMEBOL notifica el 19 del 12 de de 2015 <a class=\"mh-excerpt-more\" href=\"https:\/\/www.masrojo.com.ar\/home\/2018\/08\/22\/pablo-moyano-vamos-a-reclamar-el-partido\/\" title=\"Pablo Moyano: \u00abVamos a reclamar el partido\u00bb\">[&#8230;]<\/a><\/p>\n<\/div>","protected":false},"author":6,"featured_media":14985,"comment_status":"closed","ping_status":"closed","sticky":false,"template":"","format":"video","meta":{"_jetpack_memberships_contains_paid_content":false,"footnotes":"","jetpack_publicize_message":"","jetpack_publicize_feature_enabled":true,"jetpack_social_post_already_shared":true,"jetpack_social_options":{"image_generator_settings":{"template":"highway","enabled":false},"version":2}},"categories":[4],"tags":[],"class_list":{"0":"post-16895","1":"post","2":"type-post","3":"status-publish","4":"format-video","5":"has-post-thumbnail","7":"category-actualidad","8":"post_format-post-format-video"},"jetpack_publicize_connections":[],"jetpack_sharing_enabled":true,"jetpack_featured_media_url":"https:\/\/i0.wp.com\/www.masrojo.com.ar\/home\/wp-content\/uploads\/PM.jpg?fit=660%2C385&ssl=1","jetpack_shortlink":"https:\/\/wp.me\/p90W9F-4ov","_links":{"self":[{"href":"https:\/\/www.masrojo.com.ar\/home\/wp-json\/wp\/v2\/posts\/16895"}],"collection":[{"href":"https:\/\/www.masrojo.com.ar\/home\/wp-json\/wp\/v2\/posts"}],"about":[{"href":"https:\/\/www.masrojo.com.ar\/home\/wp-json\/wp\/v2\/types\/post"}],"author":[{"embeddable":true,"href":"https:\/\/www.masrojo.com.ar\/home\/wp-json\/wp\/v2\/users\/6"}],"replies":[{"embeddable":true,"href":"https:\/\/www.masrojo.com.ar\/home\/wp-json\/wp\/v2\/comments?post=16895"}],"version-history":[{"count":0,"href":"https:\/\/www.masrojo.com.ar\/home\/wp-json\/wp\/v2\/posts\/16895\/revisions"}],"wp:featuredmedia":[{"embeddable":true,"href":"https:\/\/www.masrojo.com.ar\/home\/wp-json\/wp\/v2\/media\/14985"}],"wp:attachment":[{"href":"https:\/\/www.masrojo.com.ar\/home\/wp-json\/wp\/v2\/media?parent=16895"}],"wp:term":[{"taxonomy":"category","embeddable":true,"href":"https:\/\/www.masrojo.com.ar\/home\/wp-json\/wp\/v2\/categories?post=16895"},{"taxonomy":"post_tag","embeddable":true,"href":"https:\/\/www.masrojo.com.ar\/home\/wp-json\/wp\/v2\/tags?post=16895"}],"curies":[{"name":"wp","href":"https:\/\/api.w.org\/{rel}","templated":true}]}}