{"id":16902,"date":"2018-08-22T16:18:47","date_gmt":"2018-08-22T19:18:47","guid":{"rendered":"https:\/\/www.masrojo.com.ar\/home\/?p=16902"},"modified":"2018-08-22T16:18:47","modified_gmt":"2018-08-22T19:18:47","slug":"santos-se-defiende","status":"publish","type":"post","link":"https:\/\/www.masrojo.com.ar\/home\/2018\/08\/22\/santos-se-defiende\/","title":{"rendered":"SANTOS SE DEFIENDE"},"content":{"rendered":"<div class=\"body\">\n<p style=\"text-align: justify;\">Seg\u00fan el conjunto paulista, si el jugador no hubiera estado apto para ser alineado, esa situaci\u00f3n aparecer\u00eda en el sistema electr\u00f3nico, algo que aseguran no sucedi\u00f3.<\/p>\n<\/div>\n<div class=\"wrapComments\">\n<div class=\"comments-open\" data-id=\"174711\">\n<p style=\"text-align: justify;\">Desde el club brasile\u00f1o alegan que el jugador -que aparentemente deb\u00eda una fecha de suspensi\u00f3n por la Copa Sudamericana 2015- no aparec\u00eda en la lista de jugadores sancionados en el sistema electr\u00f3nico de la Conmebol debido a que se benefici\u00f3 de una amnist\u00eda concedida por la entidad en 2016 con motivo de su centenario.<\/p>\n<p style=\"text-align: justify;\">Santos neg\u00f3 este mi\u00e9rcoles la alineaci\u00f3n irregular del mediocampista uruguayo Carlos S\u00e1nchez, en el partido de ida de los octavos de final de la Copa Libertadores que el martes empat\u00f3 sin goles en la cancha del Independiente.<\/p>\n<\/div>\n<\/div>\n","protected":false},"excerpt":{"rendered":"<div class=\"mh-excerpt\"><p>Seg\u00fan el conjunto paulista, si el jugador no hubiera estado apto para ser alineado, esa situaci\u00f3n aparecer\u00eda en el sistema electr\u00f3nico, algo que aseguran no sucedi\u00f3. Desde el club brasile\u00f1o alegan que el jugador -que <a class=\"mh-excerpt-more\" href=\"https:\/\/www.masrojo.com.ar\/home\/2018\/08\/22\/santos-se-defiende\/\" title=\"SANTOS SE DEFIENDE\">[&#8230;]<\/a><\/p>\n<\/div>","protected":false},"author":6,"featured_media":0,"comment_status":"closed","ping_status":"closed","sticky":false,"template":"","format":"image","meta":{"_jetpack_memberships_contains_paid_content":false,"footnotes":"","jetpack_publicize_message":"","jetpack_publicize_feature_enabled":true,"jetpack_social_post_already_shared":true,"jetpack_social_options":{"image_generator_settings":{"template":"highway","enabled":false},"version":2}},"categories":[4],"tags":[],"class_list":{"0":"post-16902","1":"post","2":"type-post","3":"status-publish","4":"format-image","6":"category-actualidad","7":"post_format-post-format-image"},"jetpack_publicize_connections":[],"jetpack_sharing_enabled":true,"jetpack_featured_media_url":"","jetpack_shortlink":"https:\/\/wp.me\/p90W9F-4oC","_links":{"self":[{"href":"https:\/\/www.masrojo.com.ar\/home\/wp-json\/wp\/v2\/posts\/16902"}],"collection":[{"href":"https:\/\/www.masrojo.com.ar\/home\/wp-json\/wp\/v2\/posts"}],"about":[{"href":"https:\/\/www.masrojo.com.ar\/home\/wp-json\/wp\/v2\/types\/post"}],"author":[{"embeddable":true,"href":"https:\/\/www.masrojo.com.ar\/home\/wp-json\/wp\/v2\/users\/6"}],"replies":[{"embeddable":true,"href":"https:\/\/www.masrojo.com.ar\/home\/wp-json\/wp\/v2\/comments?post=16902"}],"version-history":[{"count":0,"href":"https:\/\/www.masrojo.com.ar\/home\/wp-json\/wp\/v2\/posts\/16902\/revisions"}],"wp:attachment":[{"href":"https:\/\/www.masrojo.com.ar\/home\/wp-json\/wp\/v2\/media?parent=16902"}],"wp:term":[{"taxonomy":"category","embeddable":true,"href":"https:\/\/www.masrojo.com.ar\/home\/wp-json\/wp\/v2\/categories?post=16902"},{"taxonomy":"post_tag","embeddable":true,"href":"https:\/\/www.masrojo.com.ar\/home\/wp-json\/wp\/v2\/tags?post=16902"}],"curies":[{"name":"wp","href":"https:\/\/api.w.org\/{rel}","templated":true}]}}