{"id":16911,"date":"2018-08-22T16:26:54","date_gmt":"2018-08-22T19:26:54","guid":{"rendered":"https:\/\/www.masrojo.com.ar\/home\/?p=16911"},"modified":"2018-08-22T16:26:54","modified_gmt":"2018-08-22T19:26:54","slug":"el-documento-que-prueba-la-suspension-de-carlos-sanchez","status":"publish","type":"post","link":"https:\/\/www.masrojo.com.ar\/home\/2018\/08\/22\/el-documento-que-prueba-la-suspension-de-carlos-sanchez\/","title":{"rendered":"El documento que prueba la suspensi\u00f3n de Carlos S\u00e1nchez"},"content":{"rendered":"<p style=\"text-align: justify;\">Un documento prueba que el volante uruguayo Carlos S\u00e1nchez arrastraba una suspensi\u00f3n de tres fechas en el \u00e1mbito Conmebol, de manera que Santos de Brasil no pod\u00eda utilizarlo frente a Independiente, en la ida de octavos de la actual Copa Libertadores.<\/p>\n<p><img data-recalc-dims=\"1\" loading=\"lazy\" decoding=\"async\" class=\"aligncenter  wp-image-16910\" src=\"https:\/\/i0.wp.com\/www.masrojo.com.ar\/home\/wp-content\/uploads\/IMG_20180822_142927-169x300.jpg?resize=435%2C768&#038;ssl=1\" alt=\"\" width=\"435\" height=\"768\" \/><\/p>\n<p style=\"text-align: justify;\">El volante uruguayo hab\u00eda sido sancionado a fines de 2015, por una agresi\u00f3n a un alcanzapelotas, en la semifinal de Copa Sudamericana 2015 ante Hurac\u00e1n. Por eso, le hab\u00eda dado tres fechas, pero con el centenario de la Conmebol, su pena fue reducida a un partido.<\/p>\n<p style=\"text-align: justify;\">Pero S\u00e1nchez se fue a M\u00e9xico y no particip\u00f3 en torneos sudamericanos desde ese entonces, de manera que no hab\u00eda cumplido con la suspensi\u00f3n. El Mundial de Clubes, en el que jug\u00f3 con River no cuenta, porque es organizado por FIFA.<\/p>\n<p style=\"text-align: justify;\">De esta manera, al uruguayo, que arrib\u00f3 en el \u00faltimo mercado de pases al Santos, le quedaba una fecha de pendiente y debi\u00f3 cumplirla ante Independiente.<\/p>\n<p style=\"text-align: justify;\">Conmebol ya inici\u00f3 una investigaci\u00f3n de oficio. El antecedente m\u00e1s pr\u00f3ximo de un caso de mala inclusi\u00f3n se dio en Temuco-San Lorenzo, y el fallo fue favorable al equipo argentino, al que se le dio el partido ganado por 3-0, tal como lo establece el reglamento.<\/p>\n","protected":false},"excerpt":{"rendered":"<div class=\"mh-excerpt\"><p>Un documento prueba que el volante uruguayo Carlos S\u00e1nchez arrastraba una suspensi\u00f3n de tres fechas en el \u00e1mbito Conmebol, de manera que Santos de Brasil no pod\u00eda utilizarlo frente a Independiente, en la ida de <a class=\"mh-excerpt-more\" href=\"https:\/\/www.masrojo.com.ar\/home\/2018\/08\/22\/el-documento-que-prueba-la-suspension-de-carlos-sanchez\/\" title=\"El documento que prueba la suspensi\u00f3n de Carlos S\u00e1nchez\">[&#8230;]<\/a><\/p>\n<\/div>","protected":false},"author":6,"featured_media":0,"comment_status":"closed","ping_status":"closed","sticky":false,"template":"","format":"image","meta":{"_jetpack_memberships_contains_paid_content":false,"footnotes":"","jetpack_publicize_message":"","jetpack_publicize_feature_enabled":true,"jetpack_social_post_already_shared":true,"jetpack_social_options":{"image_generator_settings":{"template":"highway","enabled":false},"version":2}},"categories":[4],"tags":[],"class_list":{"0":"post-16911","1":"post","2":"type-post","3":"status-publish","4":"format-image","6":"category-actualidad","7":"post_format-post-format-image"},"jetpack_publicize_connections":[],"jetpack_sharing_enabled":true,"jetpack_featured_media_url":"","jetpack_shortlink":"https:\/\/wp.me\/p90W9F-4oL","_links":{"self":[{"href":"https:\/\/www.masrojo.com.ar\/home\/wp-json\/wp\/v2\/posts\/16911"}],"collection":[{"href":"https:\/\/www.masrojo.com.ar\/home\/wp-json\/wp\/v2\/posts"}],"about":[{"href":"https:\/\/www.masrojo.com.ar\/home\/wp-json\/wp\/v2\/types\/post"}],"author":[{"embeddable":true,"href":"https:\/\/www.masrojo.com.ar\/home\/wp-json\/wp\/v2\/users\/6"}],"replies":[{"embeddable":true,"href":"https:\/\/www.masrojo.com.ar\/home\/wp-json\/wp\/v2\/comments?post=16911"}],"version-history":[{"count":0,"href":"https:\/\/www.masrojo.com.ar\/home\/wp-json\/wp\/v2\/posts\/16911\/revisions"}],"wp:attachment":[{"href":"https:\/\/www.masrojo.com.ar\/home\/wp-json\/wp\/v2\/media?parent=16911"}],"wp:term":[{"taxonomy":"category","embeddable":true,"href":"https:\/\/www.masrojo.com.ar\/home\/wp-json\/wp\/v2\/categories?post=16911"},{"taxonomy":"post_tag","embeddable":true,"href":"https:\/\/www.masrojo.com.ar\/home\/wp-json\/wp\/v2\/tags?post=16911"}],"curies":[{"name":"wp","href":"https:\/\/api.w.org\/{rel}","templated":true}]}}