{"id":16969,"date":"2018-08-22T12:54:04","date_gmt":"2018-08-22T15:54:04","guid":{"rendered":"https:\/\/www.masrojo.com.ar\/home\/?p=16969"},"modified":"2018-08-22T23:10:31","modified_gmt":"2018-08-23T02:10:31","slug":"venta-de-entradas-ante-defensa-y-justicia-2","status":"publish","type":"post","link":"https:\/\/www.masrojo.com.ar\/home\/2018\/08\/22\/venta-de-entradas-ante-defensa-y-justicia-2\/","title":{"rendered":"Venta de entradas ante Defensa y Justicia"},"content":{"rendered":"<p class=\"intro\" style=\"text-align: justify;\">El Rey vuelve al Libertadores de Am\u00e9rica, esta vez por la Superliga. Mir\u00e1 toda la info para acompa\u00f1ar al equipo.<\/p>\n<div class=\"opciones\">\n<div id=\"fuente\">\n<h4 style=\"text-align: justify;\">LUGARES Y HORARIOS DE VENTA<\/h4>\n<p style=\"text-align: justify;\"><strong>Sede Social Avellaneda y Filial Capital:\u00a0<\/strong>Jueves 23\/8\u00a0de 11\u00a0a 19\u00a0hs (Exclusivo para socios con carnet y cuota al d\u00eda de julio\u00a0-no se aceptar\u00e1n fotocopias de los mismos-). Viernes 24\/8\u00a0de 10 a 15\u00a0(Para todo p\u00fablico)<br \/>\n<strong>En Estadio (Complejo Tenis y Col\u00f3n esquina Alsina):<\/strong>\u00a0Domingo 24\/8\/5 desde las 17.30<\/p>\n<p style=\"text-align: justify;\"><strong>\u00a1Importante!\u00a0<\/strong>Los socios deber\u00e1n reservar su bono de ingreso para las Tribunas Sociales, mismo caso para las Socias con el sector \u00abSocias Erico\u00bb. Esto se podr\u00e1 hacer\u00a0en el sitio\u00a0<a href=\"http:\/\/bonos.clubaindependiente.com.ar\/\">http:\/\/bonos.clubaindependiente.com.ar<\/a>\u00a0desde hoy 22\/8\u00a0a las 20.<\/p>\n<p>En el caso de los vitalicios, si bien no es obligatorio, tambi\u00e9n podr\u00e1n hacerlo en\u00a0<a href=\"http:\/\/bonos.clubaindependiente.com.ar\/\">http:\/\/bonos.clubaindependiente.com.ar<\/a>\u00a0desde hoy 22\/8\u00a0a las 20.<\/p>\n<table class=\"table my-4\">\n<tbody>\n<tr>\n<td>PLATEAS<\/td>\n<td>SOCIOS<\/td>\n<td>INVITADOS<\/td>\n<\/tr>\n<tr>\n<td>CABECERA NORTE ALTA<\/td>\n<td>250<\/td>\n<td>600<\/td>\n<\/tr>\n<tr>\n<td>BOCHINI ALTA<\/td>\n<td>500<\/td>\n<td>800<\/td>\n<\/tr>\n<tr>\n<td>ERICO ALTA<\/td>\n<td>500<\/td>\n<td>800<\/td>\n<\/tr>\n<tr>\n<td>BOCHINI BAJA<\/td>\n<td>650<\/td>\n<td>950<\/td>\n<\/tr>\n<tr>\n<td>ERICO BAJA<\/td>\n<td>700<\/td>\n<td>1000<\/td>\n<\/tr>\n<tr>\n<td>GARGANTA DEL DIABLO 1 \u00a0&#8211; 2<\/td>\n<td>700<\/td>\n<td>1000<\/td>\n<\/tr>\n<tr>\n<td>GARGANTA DEL DIABLO 3<\/td>\n<td>650<\/td>\n<td>950<\/td>\n<\/tr>\n<tr>\n<td>PALCO OFICIAL<\/td>\n<td>1.250<\/td>\n<td>1.550<\/td>\n<\/tr>\n<\/tbody>\n<\/table>\n<\/div>\n<\/div>\n","protected":false},"excerpt":{"rendered":"<div class=\"mh-excerpt\"><p>El Rey vuelve al Libertadores de Am\u00e9rica, esta vez por la Superliga. Mir\u00e1 toda la info para acompa\u00f1ar al equipo. LUGARES Y HORARIOS DE VENTA Sede Social Avellaneda y Filial Capital:\u00a0Jueves 23\/8\u00a0de 11\u00a0a 19\u00a0hs (Exclusivo <a class=\"mh-excerpt-more\" href=\"https:\/\/www.masrojo.com.ar\/home\/2018\/08\/22\/venta-de-entradas-ante-defensa-y-justicia-2\/\" title=\"Venta de entradas ante Defensa y Justicia\">[&#8230;]<\/a><\/p>\n<\/div>","protected":false},"author":6,"featured_media":4049,"comment_status":"closed","ping_status":"closed","sticky":false,"template":"","format":"image","meta":{"_jetpack_memberships_contains_paid_content":false,"footnotes":"","jetpack_publicize_message":"","jetpack_publicize_feature_enabled":true,"jetpack_social_post_already_shared":true,"jetpack_social_options":{"image_generator_settings":{"template":"highway","enabled":false},"version":2}},"categories":[8],"tags":[],"class_list":{"0":"post-16969","1":"post","2":"type-post","3":"status-publish","4":"format-image","5":"has-post-thumbnail","7":"category-institucionales","8":"post_format-post-format-image"},"jetpack_publicize_connections":[],"jetpack_sharing_enabled":true,"jetpack_featured_media_url":"https:\/\/i0.wp.com\/www.masrojo.com.ar\/home\/wp-content\/uploads\/2017\/11\/aerea4.jpg?fit=1224%2C688&ssl=1","jetpack_shortlink":"https:\/\/wp.me\/p90W9F-4pH","_links":{"self":[{"href":"https:\/\/www.masrojo.com.ar\/home\/wp-json\/wp\/v2\/posts\/16969"}],"collection":[{"href":"https:\/\/www.masrojo.com.ar\/home\/wp-json\/wp\/v2\/posts"}],"about":[{"href":"https:\/\/www.masrojo.com.ar\/home\/wp-json\/wp\/v2\/types\/post"}],"author":[{"embeddable":true,"href":"https:\/\/www.masrojo.com.ar\/home\/wp-json\/wp\/v2\/users\/6"}],"replies":[{"embeddable":true,"href":"https:\/\/www.masrojo.com.ar\/home\/wp-json\/wp\/v2\/comments?post=16969"}],"version-history":[{"count":0,"href":"https:\/\/www.masrojo.com.ar\/home\/wp-json\/wp\/v2\/posts\/16969\/revisions"}],"wp:featuredmedia":[{"embeddable":true,"href":"https:\/\/www.masrojo.com.ar\/home\/wp-json\/wp\/v2\/media\/4049"}],"wp:attachment":[{"href":"https:\/\/www.masrojo.com.ar\/home\/wp-json\/wp\/v2\/media?parent=16969"}],"wp:term":[{"taxonomy":"category","embeddable":true,"href":"https:\/\/www.masrojo.com.ar\/home\/wp-json\/wp\/v2\/categories?post=16969"},{"taxonomy":"post_tag","embeddable":true,"href":"https:\/\/www.masrojo.com.ar\/home\/wp-json\/wp\/v2\/tags?post=16969"}],"curies":[{"name":"wp","href":"https:\/\/api.w.org\/{rel}","templated":true}]}}