{"id":17177,"date":"2018-08-24T23:53:04","date_gmt":"2018-08-25T02:53:04","guid":{"rendered":"https:\/\/www.masrojo.com.ar\/home\/?p=17177"},"modified":"2018-08-24T23:53:04","modified_gmt":"2018-08-25T02:53:04","slug":"debemos-trabajar-porque-todos-los-equipos-se-nos-van-a-cerrar-atras","status":"publish","type":"post","link":"https:\/\/www.masrojo.com.ar\/home\/2018\/08\/24\/debemos-trabajar-porque-todos-los-equipos-se-nos-van-a-cerrar-atras\/","title":{"rendered":"\u00abDebemos trabajar porque todos los equipos se nos van a cerrar atr\u00e1s\u00bb"},"content":{"rendered":"<p style=\"text-align: justify;\"><b>Mart\u00edn Campa\u00f1a, arquero y capit\u00e1n de Independiente, mostr\u00f3 insatisfacci\u00f3n en las declaraciones\u00a0posteriores a la derrota ante Defensa y Justicia. Adem\u00e1s, remarc\u00f3 el punto en el que deben mejorar de cara a los pr\u00f3ximos rivales y tambi\u00e9n se acord\u00f3 de Santos: \u00abM\u00e1s all\u00e1 de lo que decida la CONMEBOL, nosotros tenemos que ir a ganar a Brasil \u00ab<\/b><\/p>\n<p style=\"text-align: justify;\">El uruguayo comenz\u00f3 dando un an\u00e1lisis sobre la derrota e indic\u00f3 que\u00a0<strong>\u00abse generaron varias situaciones, tuvimos la pelota pero nos falt\u00f3 profundidad. Nos vamos calientes porque nos llegaron muy poco y nos convirtieron un gol. Hay que seguir pero debemos mejorar\u00bb.<\/strong><\/p>\n<p style=\"text-align: justify;\">Por otro lado, \u00abcampi\u00bb se refiri\u00f3 a la falencia que est\u00e1 mostrando el equipo en la finalizaci\u00f3n de las jugadas en referencia al planteo de los rivales en el Libertadores de Am\u00e9rica:\u00a0<b>\u00abSabemos que los equipos se nos van a cerrar atr\u00e1s y tenemos que trabajar\u00a0en eso para ser m\u00e1s contundentes cuando tengamos situaciones de gol. Lo positivo es que nos est\u00e1n llegando poco salvo el gol que nos hizo cuesta arriba el partido\u00bb.<\/b><\/p>\n<blockquote class=\"twitter-tweet\" data-lang=\"es\">\n<p dir=\"ltr\" lang=\"es\"><a href=\"https:\/\/twitter.com\/hashtag\/TNTSports?src=hash&amp;ref_src=twsrc%5Etfw\">#TNTSports<\/a> | \u00abTuvimos varias, pero nos falt\u00f3 profundidad. Tenemos que mejorar eso. Los equipos se nos van a cerrar atr\u00e1s\u00bb, explic\u00f3 Campa\u00f1a tras la derrota de Independiente.<a href=\"https:\/\/twitter.com\/hashtag\/Independiente?src=hash&amp;ref_src=twsrc%5Etfw\">#Independiente<\/a> &#x1f19a; <a href=\"https:\/\/twitter.com\/hashtag\/DefensayJusticia?src=hash&amp;ref_src=twsrc%5Etfw\">#DefensayJusticia<\/a> <a href=\"https:\/\/t.co\/kJAXoKR2Cg\">pic.twitter.com\/kJAXoKR2Cg<\/a><\/p>\n<p>\u2014 TNT Sports LA (@TNTSportsLA) <a href=\"https:\/\/twitter.com\/TNTSportsLA\/status\/1033177934318718976?ref_src=twsrc%5Etfw\">25 de agosto de 2018<\/a><\/p><\/blockquote>\n<p><script async src=\"https:\/\/platform.twitter.com\/widgets.js\" charset=\"utf-8\"><\/script><\/p>\n<p style=\"text-align: justify;\">Por \u00faltimo, el arquero del \u00abrojo\u00bb habl\u00f3 sobre el duelo ante el equipo brasile\u00f1o por la Copa Libertadores y todo lo que se vivi\u00f3:\u00a0<strong>\u00abSabemos que fue una semana at\u00edpica pero tenemos que preparar el encuentro como si hubi\u00e9semos salido 0-0, m\u00e1s all\u00e1 de lo que designe la CONMEBOL. Nosotros tenemos que ir convencidos a ganar el partido\u00bb<\/strong><\/p>\n","protected":false},"excerpt":{"rendered":"<div class=\"mh-excerpt\"><p>Mart\u00edn Campa\u00f1a, arquero y capit\u00e1n de Independiente, mostr\u00f3 insatisfacci\u00f3n en las declaraciones\u00a0posteriores a la derrota ante Defensa y Justicia. Adem\u00e1s, remarc\u00f3 el punto en el que deben mejorar de cara a los pr\u00f3ximos rivales y <a class=\"mh-excerpt-more\" href=\"https:\/\/www.masrojo.com.ar\/home\/2018\/08\/24\/debemos-trabajar-porque-todos-los-equipos-se-nos-van-a-cerrar-atras\/\" title=\"\u00abDebemos trabajar porque todos los equipos se nos van a cerrar atr\u00e1s\u00bb\">[&#8230;]<\/a><\/p>\n<\/div>","protected":false},"author":2,"featured_media":0,"comment_status":"closed","ping_status":"closed","sticky":false,"template":"","format":"video","meta":{"_jetpack_memberships_contains_paid_content":false,"footnotes":"","jetpack_publicize_message":"","jetpack_publicize_feature_enabled":true,"jetpack_social_post_already_shared":true,"jetpack_social_options":{"image_generator_settings":{"template":"highway","enabled":false},"version":2}},"categories":[4],"tags":[108,58,17,441,32],"class_list":{"0":"post-17177","1":"post","2":"type-post","3":"status-publish","4":"format-video","6":"category-actualidad","7":"tag-campana","8":"tag-conmebol","9":"tag-independiente","10":"tag-santos","11":"tag-superliga","12":"post_format-post-format-video"},"jetpack_publicize_connections":[],"jetpack_sharing_enabled":true,"jetpack_featured_media_url":"","jetpack_shortlink":"https:\/\/wp.me\/p90W9F-4t3","_links":{"self":[{"href":"https:\/\/www.masrojo.com.ar\/home\/wp-json\/wp\/v2\/posts\/17177"}],"collection":[{"href":"https:\/\/www.masrojo.com.ar\/home\/wp-json\/wp\/v2\/posts"}],"about":[{"href":"https:\/\/www.masrojo.com.ar\/home\/wp-json\/wp\/v2\/types\/post"}],"author":[{"embeddable":true,"href":"https:\/\/www.masrojo.com.ar\/home\/wp-json\/wp\/v2\/users\/2"}],"replies":[{"embeddable":true,"href":"https:\/\/www.masrojo.com.ar\/home\/wp-json\/wp\/v2\/comments?post=17177"}],"version-history":[{"count":0,"href":"https:\/\/www.masrojo.com.ar\/home\/wp-json\/wp\/v2\/posts\/17177\/revisions"}],"wp:attachment":[{"href":"https:\/\/www.masrojo.com.ar\/home\/wp-json\/wp\/v2\/media?parent=17177"}],"wp:term":[{"taxonomy":"category","embeddable":true,"href":"https:\/\/www.masrojo.com.ar\/home\/wp-json\/wp\/v2\/categories?post=17177"},{"taxonomy":"post_tag","embeddable":true,"href":"https:\/\/www.masrojo.com.ar\/home\/wp-json\/wp\/v2\/tags?post=17177"}],"curies":[{"name":"wp","href":"https:\/\/api.w.org\/{rel}","templated":true}]}}