{"id":17219,"date":"2018-08-26T15:08:00","date_gmt":"2018-08-26T18:08:00","guid":{"rendered":"https:\/\/www.masrojo.com.ar\/home\/?p=17219"},"modified":"2018-08-26T15:08:00","modified_gmt":"2018-08-26T18:08:00","slug":"los-que-viajan-a-brasil","status":"publish","type":"post","link":"https:\/\/www.masrojo.com.ar\/home\/2018\/08\/26\/los-que-viajan-a-brasil\/","title":{"rendered":"Los que viajan a Brasil"},"content":{"rendered":"<p>El plantel de Independiente viaja \u00e9ste lunes a Brasil en busca del pase a cuartos de final de la Copa Libertadores de Am\u00e9rica.<\/p>\n<p>Ariel Holan determin\u00f3 la lista de jugadores que ser\u00e1n de la partida del viaje.<\/p>\n<p><strong>Arqueros:<\/strong>\u00a0Mart\u00edn Campa\u00f1a y Milton \u00c1lvarez.<\/p>\n<p><strong>Defensores:<\/strong>\u00a0Alan Franco, Nicol\u00e1s Figal, Juan S\u00e1nchez Mi\u00f1o, Guillermo Burdisso, Fabricio Bustos, Gast\u00f3n Silva y Emanuel Br\u00edtez.<\/p>\n<p><strong>Mediocampistas:<\/strong>\u00a0Nicol\u00e1s Domingo, Maximiliano Meza, Fernando Gaibor, Pablo Hern\u00e1ndez y Francisco Silva.<\/p>\n<p><strong>Delanteros:<\/strong>\u00a0Mart\u00edn Ben\u00edtez, Emmanuel Gigliotti, Braian Romero, Silvio Romero, Ezequiel Cerutti y Gonzalo Ver\u00f3n.<\/p>\n","protected":false},"excerpt":{"rendered":"<div class=\"mh-excerpt\"><p>El plantel de Independiente viaja \u00e9ste lunes a Brasil en busca del pase a cuartos de final de la Copa Libertadores de Am\u00e9rica. Ariel Holan determin\u00f3 la lista de jugadores que ser\u00e1n de la partida <a class=\"mh-excerpt-more\" href=\"https:\/\/www.masrojo.com.ar\/home\/2018\/08\/26\/los-que-viajan-a-brasil\/\" title=\"Los que viajan a Brasil\">[&#8230;]<\/a><\/p>\n<\/div>","protected":false},"author":6,"featured_media":0,"comment_status":"closed","ping_status":"closed","sticky":false,"template":"","format":"image","meta":{"_jetpack_memberships_contains_paid_content":false,"footnotes":"","jetpack_publicize_message":"","jetpack_publicize_feature_enabled":true,"jetpack_social_post_already_shared":true,"jetpack_social_options":{"image_generator_settings":{"template":"highway","enabled":false},"version":2}},"categories":[4],"tags":[92],"class_list":{"0":"post-17219","1":"post","2":"type-post","3":"status-publish","4":"format-image","6":"category-actualidad","7":"tag-concentrados","8":"post_format-post-format-image"},"jetpack_publicize_connections":[],"jetpack_sharing_enabled":true,"jetpack_featured_media_url":"","jetpack_shortlink":"https:\/\/wp.me\/p90W9F-4tJ","_links":{"self":[{"href":"https:\/\/www.masrojo.com.ar\/home\/wp-json\/wp\/v2\/posts\/17219"}],"collection":[{"href":"https:\/\/www.masrojo.com.ar\/home\/wp-json\/wp\/v2\/posts"}],"about":[{"href":"https:\/\/www.masrojo.com.ar\/home\/wp-json\/wp\/v2\/types\/post"}],"author":[{"embeddable":true,"href":"https:\/\/www.masrojo.com.ar\/home\/wp-json\/wp\/v2\/users\/6"}],"replies":[{"embeddable":true,"href":"https:\/\/www.masrojo.com.ar\/home\/wp-json\/wp\/v2\/comments?post=17219"}],"version-history":[{"count":0,"href":"https:\/\/www.masrojo.com.ar\/home\/wp-json\/wp\/v2\/posts\/17219\/revisions"}],"wp:attachment":[{"href":"https:\/\/www.masrojo.com.ar\/home\/wp-json\/wp\/v2\/media?parent=17219"}],"wp:term":[{"taxonomy":"category","embeddable":true,"href":"https:\/\/www.masrojo.com.ar\/home\/wp-json\/wp\/v2\/categories?post=17219"},{"taxonomy":"post_tag","embeddable":true,"href":"https:\/\/www.masrojo.com.ar\/home\/wp-json\/wp\/v2\/tags?post=17219"}],"curies":[{"name":"wp","href":"https:\/\/api.w.org\/{rel}","templated":true}]}}